{"id":44570,"date":"2022-09-05T07:01:00","date_gmt":"2022-09-05T10:01:00","guid":{"rendered":"https:\/\/www.portalalerta.com.br\/?p=44570"},"modified":"2022-09-05T00:17:31","modified_gmt":"2022-09-05T03:17:31","slug":"homem-e-preso-por-porte-ilegal-de-arma-de-fogo-e-ameaca-em-itapicuru-ba","status":"publish","type":"post","link":"https:\/\/www.portalalerta.com.br\/index.php\/2022\/09\/05\/homem-e-preso-por-porte-ilegal-de-arma-de-fogo-e-ameaca-em-itapicuru-ba\/","title":{"rendered":"Homem \u00e9 preso por porte ilegal de arma de fogo e amea\u00e7a, em Itapicuru-BA"},"content":{"rendered":"\n<p>Por volta das 20hs do \u00faltimo s\u00e1bado (03), policiais militares do munic\u00edpio de Itapicuru-BA, se dirigiram at\u00e9 o povoado Catuzinho, no referido munic\u00edpio, para averiguarem uma den\u00fancia de porte ilegal de arma de fogo e amea\u00e7a.<\/p>\n\n\n\n<!--more-->\n\n\n\n<p>No local, os policiais identificaram o suspeito, que estava num bar da regi\u00e3o. Na ocasi\u00e3o, o rapaz foi submetido a uma busca pessoal, sendo encontrada sob a sua posse uma arma de fogo, tipo garruncha.<\/p>\n\n\n\n<p>Tanto o rapaz, quanto a arma de fogo, foram conduzidos e apresentados na Delegacia de Pol\u00edcia Civil para a ado\u00e7\u00e3o das medidas cab\u00edveis.<\/p>\n\n\n\n<p><em>Reda\u00e7\u00e3o: Portal Alerta<\/em><\/p>\n","protected":false},"excerpt":{"rendered":"<p>Por volta das 20hs do \u00faltimo s\u00e1bado (03), policiais militares do munic\u00edpio de Itapicuru-BA, se dirigiram at\u00e9 o povoado Catuzinho, no referido munic\u00edpio, para averiguarem uma den\u00fancia de porte ilegal de arma de fogo e amea\u00e7a.<\/p>\n","protected":false},"author":2,"featured_media":44571,"comment_status":"open","ping_status":"open","sticky":false,"template":"","format":"standard","meta":{"om_disable_all_campaigns":false,"_monsterinsights_skip_tracking":false,"_monsterinsights_sitenote_active":false,"_monsterinsights_sitenote_note":"","_monsterinsights_sitenote_category":0,"footnotes":""},"categories":[70,18,69,32,22],"tags":[59,132,79,83,77],"class_list":["post-44570","post","type-post","status-publish","format-standard","has-post-thumbnail","hentry","category-destaques","category-itapicuru","category-noticias2","category-regiao","category-seguranca","tag-ameaca","tag-itapicuru","tag-policia-militar","tag-porte-ilegal-de-arma-de-fogo","tag-preso"],"aioseo_notices":[],"_links":{"self":[{"href":"https:\/\/www.portalalerta.com.br\/index.php\/wp-json\/wp\/v2\/posts\/44570","targetHints":{"allow":["GET"]}}],"collection":[{"href":"https:\/\/www.portalalerta.com.br\/index.php\/wp-json\/wp\/v2\/posts"}],"about":[{"href":"https:\/\/www.portalalerta.com.br\/index.php\/wp-json\/wp\/v2\/types\/post"}],"author":[{"embeddable":true,"href":"https:\/\/www.portalalerta.com.br\/index.php\/wp-json\/wp\/v2\/users\/2"}],"replies":[{"embeddable":true,"href":"https:\/\/www.portalalerta.com.br\/index.php\/wp-json\/wp\/v2\/comments?post=44570"}],"version-history":[{"count":1,"href":"https:\/\/www.portalalerta.com.br\/index.php\/wp-json\/wp\/v2\/posts\/44570\/revisions"}],"predecessor-version":[{"id":44572,"href":"https:\/\/www.portalalerta.com.br\/index.php\/wp-json\/wp\/v2\/posts\/44570\/revisions\/44572"}],"wp:featuredmedia":[{"embeddable":true,"href":"https:\/\/www.portalalerta.com.br\/index.php\/wp-json\/wp\/v2\/media\/44571"}],"wp:attachment":[{"href":"https:\/\/www.portalalerta.com.br\/index.php\/wp-json\/wp\/v2\/media?parent=44570"}],"wp:term":[{"taxonomy":"category","embeddable":true,"href":"https:\/\/www.portalalerta.com.br\/index.php\/wp-json\/wp\/v2\/categories?post=44570"},{"taxonomy":"post_tag","embeddable":true,"href":"https:\/\/www.portalalerta.com.br\/index.php\/wp-json\/wp\/v2\/tags?post=44570"}],"curies":[{"name":"wp","href":"https:\/\/api.w.org\/{rel}","templated":true}]}}