{"id":44573,"date":"2022-09-05T07:02:00","date_gmt":"2022-09-05T10:02:00","guid":{"rendered":"https:\/\/www.portalalerta.com.br\/?p=44573"},"modified":"2022-09-05T00:41:32","modified_gmt":"2022-09-05T03:41:32","slug":"corpo-em-estado-de-decomposicao-e-encontrado-em-area-de-propriedade-do-exercito-em-paulo-afonso-ba","status":"publish","type":"post","link":"https:\/\/www.portalalerta.com.br\/index.php\/2022\/09\/05\/corpo-em-estado-de-decomposicao-e-encontrado-em-area-de-propriedade-do-exercito-em-paulo-afonso-ba\/","title":{"rendered":"Corpo em estado de decomposi\u00e7\u00e3o \u00e9 encontrado em \u00e1rea de propriedade do Ex\u00e9rcito em Paulo Afonso-BA"},"content":{"rendered":"\n<p>Por volta das 14h30 da \u00faltima quinta-feira (1\u00ba), o corpo de um homem, identificado como Rafael de Jesus da Anuncia\u00e7\u00e3o, de 34 anos, foi encontrado na \u00e1rea do Ex\u00e9rcito no bairro Rodovi\u00e1rios em\u00a0Paulo Afonso (BA).<\/p>\n\n\n\n<!--more-->\n\n\n\n<p>Segundo informa\u00e7\u00f5es, uma guarni\u00e7\u00e3o policial foi informada pelo Centro Integrado de Comunica\u00e7\u00e3o de Paulo Afonso (CICOM), que havia um cad\u00e1ver na \u00e1rea restrita ao Ex\u00e9rcito. Assim que chegaram ao local, os policiais confirmaram a veracidade do fato.<\/p>\n\n\n\n<p>Uma equipe do Departamento de\u00a0Pol\u00edcia T\u00e9cnica (DPT)\u00a0esteve no local e corpo foi removido para o IML de\u00a0Paulo Afonso\u00a0para se apurar as circunst\u00e2ncias da morte.<\/p>\n\n\n\n<div class=\"wp-block-image\"><figure class=\"aligncenter size-full\"><img decoding=\"async\" width=\"150\" height=\"200\" src=\"https:\/\/www.portalalerta.com.br\/wp-content\/uploads\/2022\/09\/Rafael-de-Jesus-Anunciacao.jpg\" alt=\"\" class=\"wp-image-44574\"\/><figcaption>Rafael <\/figcaption><\/figure><\/div>\n\n\n\n<p><em>Fonte: Chico Sabe Tudo<\/em><\/p>\n","protected":false},"excerpt":{"rendered":"<p>Por volta das 14h30 da \u00faltima quinta-feira (1\u00ba), o corpo de um homem, identificado como Rafael de Jesus da Anuncia\u00e7\u00e3o, de 34 anos, foi encontrado na \u00e1rea do Ex\u00e9rcito no bairro Rodovi\u00e1rios em\u00a0Paulo Afonso (BA).<\/p>\n","protected":false},"author":2,"featured_media":3579,"comment_status":"open","ping_status":"open","sticky":false,"template":"","format":"standard","meta":{"om_disable_all_campaigns":false,"_monsterinsights_skip_tracking":false,"_monsterinsights_sitenote_active":false,"_monsterinsights_sitenote_note":"","_monsterinsights_sitenote_category":0,"footnotes":""},"categories":[33,70,69],"tags":[54,1041,4375,169,439],"class_list":["post-44573","post","type-post","status-publish","format-standard","has-post-thumbnail","hentry","category-bahia","category-destaques","category-noticias2","tag-bahia","tag-corpo","tag-exercito-brasileiro","tag-morte","tag-mortes"],"aioseo_notices":[],"_links":{"self":[{"href":"https:\/\/www.portalalerta.com.br\/index.php\/wp-json\/wp\/v2\/posts\/44573","targetHints":{"allow":["GET"]}}],"collection":[{"href":"https:\/\/www.portalalerta.com.br\/index.php\/wp-json\/wp\/v2\/posts"}],"about":[{"href":"https:\/\/www.portalalerta.com.br\/index.php\/wp-json\/wp\/v2\/types\/post"}],"author":[{"embeddable":true,"href":"https:\/\/www.portalalerta.com.br\/index.php\/wp-json\/wp\/v2\/users\/2"}],"replies":[{"embeddable":true,"href":"https:\/\/www.portalalerta.com.br\/index.php\/wp-json\/wp\/v2\/comments?post=44573"}],"version-history":[{"count":1,"href":"https:\/\/www.portalalerta.com.br\/index.php\/wp-json\/wp\/v2\/posts\/44573\/revisions"}],"predecessor-version":[{"id":44575,"href":"https:\/\/www.portalalerta.com.br\/index.php\/wp-json\/wp\/v2\/posts\/44573\/revisions\/44575"}],"wp:featuredmedia":[{"embeddable":true,"href":"https:\/\/www.portalalerta.com.br\/index.php\/wp-json\/wp\/v2\/media\/3579"}],"wp:attachment":[{"href":"https:\/\/www.portalalerta.com.br\/index.php\/wp-json\/wp\/v2\/media?parent=44573"}],"wp:term":[{"taxonomy":"category","embeddable":true,"href":"https:\/\/www.portalalerta.com.br\/index.php\/wp-json\/wp\/v2\/categories?post=44573"},{"taxonomy":"post_tag","embeddable":true,"href":"https:\/\/www.portalalerta.com.br\/index.php\/wp-json\/wp\/v2\/tags?post=44573"}],"curies":[{"name":"wp","href":"https:\/\/api.w.org\/{rel}","templated":true}]}}