{"id":44609,"date":"2022-09-06T09:01:00","date_gmt":"2022-09-06T12:01:00","guid":{"rendered":"https:\/\/www.portalalerta.com.br\/?p=44609"},"modified":"2022-09-06T00:49:55","modified_gmt":"2022-09-06T03:49:55","slug":"7-de-setembro-caminhoneiros-tentam-invadir-esplanada-dos-ministerios","status":"publish","type":"post","link":"https:\/\/www.portalalerta.com.br\/index.php\/2022\/09\/06\/7-de-setembro-caminhoneiros-tentam-invadir-esplanada-dos-ministerios\/","title":{"rendered":"7 de Setembro: Caminhoneiros tentam invadir Esplanada dos Minist\u00e9rios"},"content":{"rendered":"\n<p>A Secretaria de Seguran\u00e7a P\u00fablica do Distrito Federal bloqueou a Esplanada dos Minist\u00e9rios na noite desta segunda-feira (5) ap\u00f3s detectar a tentativa de acesso de caminhoneiros ao local.<\/p>\n\n\n\n<!--more-->\n\n\n\n<p>De acordo com\u00a0<strong>pessoas envolvidas na seguran\u00e7a do 7 de Setembro<\/strong>, mais de dez caminh\u00f5es tentaram driblar as proibi\u00e7\u00f5es e ingressar na \u00e1rea bloqueada para esse tipo de ve\u00edculo.<\/p>\n\n\n\n<p>A restri\u00e7\u00e3o de acesso estava prevista para come\u00e7ar \u00e0 meia-noite desta ter\u00e7a-feira (6), e o tr\u00e2nsito de caminh\u00f5es na Esplanada estava proibido desde s\u00e1bado (3).<\/p>\n\n\n\n<p>O secret\u00e1rio de Seguran\u00e7a P\u00fablica do DF, J\u00falio Danilo, disse \u00e0 reportagem que decidiu pelo bloqueio preventivo para evitar <strong><em>&#8220;confus\u00e3o&#8221;<\/em><\/strong>.<\/p>\n\n\n\n<p><strong><em>&#8220;[O tr\u00e2nsito] foi desviado assim que foi detectado que a concentra\u00e7\u00e3o de caminh\u00f5es estava chegando. At\u00e9 para evitar que [o acesso \u00e0 Esplanada] acontecesse, foi feito o desvio&#8221;<\/em><\/strong>, afirmou.<\/p>\n\n\n\n<p>O bloqueio do tr\u00e2nsito n\u00e3o deve afetar os servidores p\u00fablicos, que ter\u00e3o ponto facultativo a partir desta ter\u00e7a-feira (6).<\/p>\n\n\n\n<p>Os caminh\u00f5es passaram pelo Eixo Monumental em dire\u00e7\u00e3o \u00e0 Esplanada dos Minist\u00e9rio por volta de 20h. Os motoristas buzinavam e acenavam pela janela.<\/p>\n\n\n\n<p>Com o bloqueio, o comboio de apoiadores de Bolsonaro seguiu para o Pavilh\u00e3o de Exposi\u00e7\u00f5es do Parque da Cidade, um dos quatro pontos da cidade onde h\u00e1 a previs\u00e3o de que os viajantes se re\u00fanam. Tamb\u00e9m integraram o grupo carros e motos.<\/p>\n\n\n\n<p>Segundo as autoridades envolvidas na organiza\u00e7\u00e3o do 7 de Setembro, o fechamento j\u00e1 estava previsto e foi antecipado por precau\u00e7\u00e3o.<\/p>\n\n\n\n<p>Em nota, a Pol\u00edcia Militar do Distrito Federal disse que as vias s\u00f3 ser\u00e3o liberadas para o tr\u00e2nsito de ve\u00edculos <strong><em>&#8220;ap\u00f3s a finaliza\u00e7\u00e3o dos atos previstos, de forma que seja garantida a seguran\u00e7a de todos&#8221;<\/em><\/strong>.<\/p>\n\n\n\n<p>O veto \u00e0 entrada dos ve\u00edculos na Esplanada era uma das prioridades da seguran\u00e7a do STF (Supremo Tribunal Federal) para o 7 de Setembro deste ano.<\/p>\n\n\n\n<p>No ano passado, caminhoneiros romperam as barreiras de seguran\u00e7a na v\u00e9spera do Dia da Independ\u00eancia e pressionaram para invadir o pr\u00e9dio do Supremo.<\/p>\n\n\n\n<p><em>Fonte: Yahoo Not\u00edcias<\/em><\/p>\n","protected":false},"excerpt":{"rendered":"<p>A Secretaria de Seguran\u00e7a P\u00fablica do Distrito Federal bloqueou a Esplanada dos Minist\u00e9rios na noite desta segunda-feira (5) ap\u00f3s detectar a tentativa de acesso de caminhoneiros ao local.<\/p>\n","protected":false},"author":2,"featured_media":44610,"comment_status":"open","ping_status":"open","sticky":false,"template":"","format":"standard","meta":{"om_disable_all_campaigns":false,"_monsterinsights_skip_tracking":false,"_monsterinsights_sitenote_active":false,"_monsterinsights_sitenote_note":"","_monsterinsights_sitenote_category":0,"footnotes":""},"categories":[34,70,69],"tags":[3104,93,1115,190],"class_list":["post-44609","post","type-post","status-publish","format-standard","has-post-thumbnail","hentry","category-brasil","category-destaques","category-noticias2","tag-7-de-setembro","tag-brasil","tag-caminhoneiros","tag-tucano"],"aioseo_notices":[],"_links":{"self":[{"href":"https:\/\/www.portalalerta.com.br\/index.php\/wp-json\/wp\/v2\/posts\/44609","targetHints":{"allow":["GET"]}}],"collection":[{"href":"https:\/\/www.portalalerta.com.br\/index.php\/wp-json\/wp\/v2\/posts"}],"about":[{"href":"https:\/\/www.portalalerta.com.br\/index.php\/wp-json\/wp\/v2\/types\/post"}],"author":[{"embeddable":true,"href":"https:\/\/www.portalalerta.com.br\/index.php\/wp-json\/wp\/v2\/users\/2"}],"replies":[{"embeddable":true,"href":"https:\/\/www.portalalerta.com.br\/index.php\/wp-json\/wp\/v2\/comments?post=44609"}],"version-history":[{"count":1,"href":"https:\/\/www.portalalerta.com.br\/index.php\/wp-json\/wp\/v2\/posts\/44609\/revisions"}],"predecessor-version":[{"id":44611,"href":"https:\/\/www.portalalerta.com.br\/index.php\/wp-json\/wp\/v2\/posts\/44609\/revisions\/44611"}],"wp:featuredmedia":[{"embeddable":true,"href":"https:\/\/www.portalalerta.com.br\/index.php\/wp-json\/wp\/v2\/media\/44610"}],"wp:attachment":[{"href":"https:\/\/www.portalalerta.com.br\/index.php\/wp-json\/wp\/v2\/media?parent=44609"}],"wp:term":[{"taxonomy":"category","embeddable":true,"href":"https:\/\/www.portalalerta.com.br\/index.php\/wp-json\/wp\/v2\/categories?post=44609"},{"taxonomy":"post_tag","embeddable":true,"href":"https:\/\/www.portalalerta.com.br\/index.php\/wp-json\/wp\/v2\/tags?post=44609"}],"curies":[{"name":"wp","href":"https:\/\/api.w.org\/{rel}","templated":true}]}}