{"id":44612,"date":"2022-09-06T09:02:00","date_gmt":"2022-09-06T12:02:00","guid":{"rendered":"https:\/\/www.portalalerta.com.br\/?p=44612"},"modified":"2022-09-06T00:58:07","modified_gmt":"2022-09-06T03:58:07","slug":"ribeira-do-pombal-vai-sediar-campeonato-baiano-de-judo","status":"publish","type":"post","link":"https:\/\/www.portalalerta.com.br\/index.php\/2022\/09\/06\/ribeira-do-pombal-vai-sediar-campeonato-baiano-de-judo\/","title":{"rendered":"Ribeira do Pombal vai sediar Campeonato Baiano de Jud\u00f4"},"content":{"rendered":"\n<p>A Prefeitura de Ribeira do Pombal-BA vai sediar o Campeonato Baiano de Jud\u00f4 de 2022 no pr\u00f3ximo dia 10\/9. A competi\u00e7\u00e3o re\u00fane atletas de toda a Bahia e \u00e9 uma das principais do circuito estadual da modalidade desse esporte ol\u00edmpico. Na oportunidade tamb\u00e9m acontecer\u00e1 a Copa Pombal de Jud\u00f4 que tamb\u00e9m contar\u00e1 com atletas de v\u00e1rias regi\u00f5es do estado.<\/p>\n\n\n\n<!--more-->\n\n\n\n<div class=\"wp-block-image\"><figure class=\"alignleft size-full is-resized\"><img fetchpriority=\"high\" decoding=\"async\" src=\"https:\/\/www.portalalerta.com.br\/wp-content\/uploads\/2021\/04\/ELAB.jpg\" alt=\"\" class=\"wp-image-34795\" width=\"394\" height=\"314\" srcset=\"https:\/\/www.portalalerta.com.br\/wp-content\/uploads\/2021\/04\/ELAB.jpg 1000w, https:\/\/www.portalalerta.com.br\/wp-content\/uploads\/2021\/04\/ELAB-300x240.jpg 300w, https:\/\/www.portalalerta.com.br\/wp-content\/uploads\/2021\/04\/ELAB-768x614.jpg 768w, https:\/\/www.portalalerta.com.br\/wp-content\/uploads\/2021\/04\/ELAB-183x146.jpg 183w, https:\/\/www.portalalerta.com.br\/wp-content\/uploads\/2021\/04\/ELAB-50x40.jpg 50w, https:\/\/www.portalalerta.com.br\/wp-content\/uploads\/2021\/04\/ELAB-94x75.jpg 94w\" sizes=\"(max-width: 394px) 100vw, 394px\" \/><\/figure><\/div>\n\n\n\n<p>Com os eventos, cerca de 500 atletas est\u00e3o sendo aguardados para as competi\u00e7\u00f5es que acontecer\u00e3o na Pra\u00e7a da Juventude. A organiza\u00e7\u00e3o informa que os atletas come\u00e7ar\u00e3o a ser pesados j\u00e1 na v\u00e9spera, dia 9\/9, quando as delega\u00e7\u00f5es come\u00e7am a chegar ao munic\u00edpio. Quanto \u00e0s modalidades disputadas ser\u00e3o lutas entre os n\u00edveis Iniciantes, Dangai (intermedi\u00e1rios) e Faixa Preta. Esse \u00e9 mais uma demonstra\u00e7\u00e3o do bom momento que Ribeira do Pombal vive como uma das cidades que mais valoriza o esporte na Bahia.<\/p>\n\n\n\n<p><em>Fonte: SECOM\/ Ribeira do Pombal<\/em><\/p>\n","protected":false},"excerpt":{"rendered":"<p>A Prefeitura de Ribeira do Pombal-BA vai sediar o Campeonato Baiano de Jud\u00f4 de 2022 no pr\u00f3ximo dia 10\/9. A competi\u00e7\u00e3o re\u00fane atletas de toda a Bahia e \u00e9 uma das principais do circuito estadual da modalidade desse esporte ol\u00edmpico. Na oportunidade tamb\u00e9m acontecer\u00e1 a Copa Pombal de Jud\u00f4 que tamb\u00e9m contar\u00e1 com atletas de &hellip;<\/p>\n","protected":false},"author":2,"featured_media":44613,"comment_status":"open","ping_status":"open","sticky":false,"template":"","format":"standard","meta":{"om_disable_all_campaigns":false,"_monsterinsights_skip_tracking":false,"_monsterinsights_sitenote_active":false,"_monsterinsights_sitenote_note":"","_monsterinsights_sitenote_category":0,"footnotes":""},"categories":[70,2,69,32,3],"tags":[610,96,745,47],"class_list":["post-44612","post","type-post","status-publish","format-standard","has-post-thumbnail","hentry","category-destaques","category-esportes","category-noticias2","category-regiao","category-ribeira-do-pombal","tag-campeonato-baiano","tag-esporte","tag-judo","tag-ribeira-do-pombal"],"aioseo_notices":[],"_links":{"self":[{"href":"https:\/\/www.portalalerta.com.br\/index.php\/wp-json\/wp\/v2\/posts\/44612","targetHints":{"allow":["GET"]}}],"collection":[{"href":"https:\/\/www.portalalerta.com.br\/index.php\/wp-json\/wp\/v2\/posts"}],"about":[{"href":"https:\/\/www.portalalerta.com.br\/index.php\/wp-json\/wp\/v2\/types\/post"}],"author":[{"embeddable":true,"href":"https:\/\/www.portalalerta.com.br\/index.php\/wp-json\/wp\/v2\/users\/2"}],"replies":[{"embeddable":true,"href":"https:\/\/www.portalalerta.com.br\/index.php\/wp-json\/wp\/v2\/comments?post=44612"}],"version-history":[{"count":1,"href":"https:\/\/www.portalalerta.com.br\/index.php\/wp-json\/wp\/v2\/posts\/44612\/revisions"}],"predecessor-version":[{"id":44614,"href":"https:\/\/www.portalalerta.com.br\/index.php\/wp-json\/wp\/v2\/posts\/44612\/revisions\/44614"}],"wp:featuredmedia":[{"embeddable":true,"href":"https:\/\/www.portalalerta.com.br\/index.php\/wp-json\/wp\/v2\/media\/44613"}],"wp:attachment":[{"href":"https:\/\/www.portalalerta.com.br\/index.php\/wp-json\/wp\/v2\/media?parent=44612"}],"wp:term":[{"taxonomy":"category","embeddable":true,"href":"https:\/\/www.portalalerta.com.br\/index.php\/wp-json\/wp\/v2\/categories?post=44612"},{"taxonomy":"post_tag","embeddable":true,"href":"https:\/\/www.portalalerta.com.br\/index.php\/wp-json\/wp\/v2\/tags?post=44612"}],"curies":[{"name":"wp","href":"https:\/\/api.w.org\/{rel}","templated":true}]}}