{"id":44615,"date":"2022-09-06T09:03:00","date_gmt":"2022-09-06T12:03:00","guid":{"rendered":"https:\/\/www.portalalerta.com.br\/?p=44615"},"modified":"2022-09-06T01:06:53","modified_gmt":"2022-09-06T04:06:53","slug":"pesquisa-eleitoral-lula-mantem-44-e-bolsonaro-cai-para-31-aponta-ipec","status":"publish","type":"post","link":"https:\/\/www.portalalerta.com.br\/index.php\/2022\/09\/06\/pesquisa-eleitoral-lula-mantem-44-e-bolsonaro-cai-para-31-aponta-ipec\/","title":{"rendered":"Pesquisa Eleitoral: Lula mant\u00e9m 44% e Bolsonaro cai para 31%, aponta Ipec"},"content":{"rendered":"\n<p>A pesquisa eleitoral Ipec divulgada na noite desta quinta-feira (5) mostra um cen\u00e1rio de estabilidade na corrida \u00e0 presid\u00eancia da Rep\u00fablica.<\/p>\n\n\n\n<!--more-->\n\n\n\n<p>O ex-presidente Luiz In\u00e1cio Lula da Silva (PT) manteve a lideran\u00e7a com 44% das inten\u00e7\u00f5es de voto. J\u00e1 o atual presidente e candidato \u00e0 reelei\u00e7\u00e3o, Jair Bolsonaro (PL), oscilou para baixo dentro da margem de erro e aparece com 31%.<\/p>\n\n\n\n<p>A dist\u00e2ncia entre Lula e Bolsonaro, hoje de 13 pontos percentuais, estava em 12 pontos nas duas pesquisas anteriores.<\/p>\n\n\n\n<p>Na sequ\u00eancia da disputa pela Presid\u00eancia aparece Ciro Gomes (PDT), citado por 8% dos eleitores entrevistados pelo Ipec. Na pesquisa anterior, Ciro havia obtido 7%.<\/p>\n\n\n\n<div class=\"wp-block-image\"><figure class=\"aligncenter size-full\"><img fetchpriority=\"high\" decoding=\"async\" width=\"720\" height=\"181\" src=\"https:\/\/www.portalalerta.com.br\/wp-content\/uploads\/2018\/02\/Auto-Escola-Nobre.jpg\" alt=\"\" class=\"wp-image-4869\" srcset=\"https:\/\/www.portalalerta.com.br\/wp-content\/uploads\/2018\/02\/Auto-Escola-Nobre.jpg 720w, https:\/\/www.portalalerta.com.br\/wp-content\/uploads\/2018\/02\/Auto-Escola-Nobre-260x65.jpg 260w, https:\/\/www.portalalerta.com.br\/wp-content\/uploads\/2018\/02\/Auto-Escola-Nobre-50x13.jpg 50w, https:\/\/www.portalalerta.com.br\/wp-content\/uploads\/2018\/02\/Auto-Escola-Nobre-150x38.jpg 150w\" sizes=\"(max-width: 720px) 100vw, 720px\" \/><\/figure><\/div>\n\n\n\n<p>Simone Tebet (MDB) agora aparece com 4%, um ponto acima do \u00faltimo levantamento. Ciro e Tebet empatam no limite da margem de erro.<\/p>\n\n\n\n<p>Felipe D&#8217;\u00c1vila (Novo) e Soraya Thronicke (Uni\u00e3o) t\u00eam 1% cada.<\/p>\n\n\n\n<p>Os eleitores que disseram votar em branco ou nulo no primeiro turno somam 6% das respostas ao Ipec. Esse grupo correspondia a 7% do eleitorado na pesquisa feita entre os dias 26 e 28 de agosto. N\u00e3o souberam ou n\u00e3o quiseram responder 5% dos entrevistados.<\/p>\n\n\n\n<p>Vera L\u00facia (PSTU), Constituinte Eymael (DC), Leonardo P\u00e9ricles (UP), Sofia Manzano (PCB), Roberto Jefferson (PTB) e Pablo Mar\u00e7al (PROS) n\u00e3o chegaram a 1%. O nome de Jefferson foi inclu\u00eddo no question\u00e1rio porque sua candidatura n\u00e3o estava impugnada pela Justi\u00e7a Eleitoral \u00e0 \u00e9poca em que a pesquisa foi registrada.<\/p>\n\n\n\n<p>De acordo com esta terceira rodada da s\u00e9rie de pesquisas do Ipec (ex-Ibope), contratada pela TV Globo, o petista manteve o mesmo desempenho dos dois levantamentos iniciais, divulgados em 15 e 30 de agosto.<\/p>\n\n\n\n<p><strong>Pesquisa eleitoral Ipec: cen\u00e1rio de segundo turno entre Lula e Bolsonaro<\/strong><\/p>\n\n\n\n<p>Em um cen\u00e1rio de segundo turno entre Lula e Bolsonaro, o candidato do PT seria eleito com 52% dos votos, contra 36% do atual presidente, segundo a pesquisa.<\/p>\n\n\n\n<p>O Ipec registrou 9% de inten\u00e7\u00f5es em votar nulo ou em branco nesse cen\u00e1rio, enquanto 3% n\u00e3o souberam ou n\u00e3o quiseram responder.<\/p>\n\n\n\n<p>O Ipec entrevistou presencialmente 2.512 eleitores entre os dias 2 e 4 de setembro. A margem de erro \u00e9 estimada em dois pontos percentuais para mais ou menos, para um intervalo de confian\u00e7a de 95%. O estudo est\u00e1 registrado no Tribunal Superior Eleitoral (TSE) sob o n\u00famero BR-00922\/2022.<\/p>\n\n\n\n<p>Esta \u00e9 a primeira pesquisa realizada pelo Ipec depois do primeiro debate entre presidenci\u00e1veis, realizado no dia 28 por um cons\u00f3rcio liderado por Band, Cultura, \u201cFolha de S.Paulo\u201d e UOL.<\/p>\n\n\n\n<p>O levantamento tamb\u00e9m capta as rea\u00e7\u00f5es dos eleitores \u00e0s duas primeiras semanas de propaganda dos candidatos no r\u00e1dio e na TV, iniciada no \u00faltimo dia 25, e ao notici\u00e1rio envolvendo os principais postulantes ao Planalto nos \u00faltimos dias.<\/p>\n\n\n\n<p><em>Fonte: Yahoo Not\u00edcias<\/em><\/p>\n","protected":false},"excerpt":{"rendered":"<p>A pesquisa eleitoral Ipec divulgada na noite desta quinta-feira (5) mostra um cen\u00e1rio de estabilidade na corrida \u00e0 presid\u00eancia da Rep\u00fablica.<\/p>\n","protected":false},"author":2,"featured_media":42293,"comment_status":"open","ping_status":"open","sticky":false,"template":"","format":"standard","meta":{"om_disable_all_campaigns":false,"_monsterinsights_skip_tracking":false,"_monsterinsights_sitenote_active":false,"_monsterinsights_sitenote_note":"","_monsterinsights_sitenote_category":0,"footnotes":""},"categories":[34,70,69,21],"tags":[93,3181,1395,303,3871,199],"class_list":["post-44615","post","type-post","status-publish","format-standard","has-post-thumbnail","hentry","category-brasil","category-destaques","category-noticias2","category-politica","tag-brasil","tag-eleicoes-2022","tag-jair-bolsonaro","tag-lula","tag-pesquisa-eleitoral","tag-politica"],"aioseo_notices":[],"_links":{"self":[{"href":"https:\/\/www.portalalerta.com.br\/index.php\/wp-json\/wp\/v2\/posts\/44615","targetHints":{"allow":["GET"]}}],"collection":[{"href":"https:\/\/www.portalalerta.com.br\/index.php\/wp-json\/wp\/v2\/posts"}],"about":[{"href":"https:\/\/www.portalalerta.com.br\/index.php\/wp-json\/wp\/v2\/types\/post"}],"author":[{"embeddable":true,"href":"https:\/\/www.portalalerta.com.br\/index.php\/wp-json\/wp\/v2\/users\/2"}],"replies":[{"embeddable":true,"href":"https:\/\/www.portalalerta.com.br\/index.php\/wp-json\/wp\/v2\/comments?post=44615"}],"version-history":[{"count":1,"href":"https:\/\/www.portalalerta.com.br\/index.php\/wp-json\/wp\/v2\/posts\/44615\/revisions"}],"predecessor-version":[{"id":44616,"href":"https:\/\/www.portalalerta.com.br\/index.php\/wp-json\/wp\/v2\/posts\/44615\/revisions\/44616"}],"wp:featuredmedia":[{"embeddable":true,"href":"https:\/\/www.portalalerta.com.br\/index.php\/wp-json\/wp\/v2\/media\/42293"}],"wp:attachment":[{"href":"https:\/\/www.portalalerta.com.br\/index.php\/wp-json\/wp\/v2\/media?parent=44615"}],"wp:term":[{"taxonomy":"category","embeddable":true,"href":"https:\/\/www.portalalerta.com.br\/index.php\/wp-json\/wp\/v2\/categories?post=44615"},{"taxonomy":"post_tag","embeddable":true,"href":"https:\/\/www.portalalerta.com.br\/index.php\/wp-json\/wp\/v2\/tags?post=44615"}],"curies":[{"name":"wp","href":"https:\/\/api.w.org\/{rel}","templated":true}]}}