{"id":44617,"date":"2022-09-06T21:14:30","date_gmt":"2022-09-07T00:14:30","guid":{"rendered":"https:\/\/www.portalalerta.com.br\/?p=44617"},"modified":"2022-09-06T21:50:52","modified_gmt":"2022-09-07T00:50:52","slug":"eduardo-convoca-brasileiros-armados-para-serem-voluntarios-de-bolsonaro","status":"publish","type":"post","link":"https:\/\/www.portalalerta.com.br\/index.php\/2022\/09\/06\/eduardo-convoca-brasileiros-armados-para-serem-voluntarios-de-bolsonaro\/","title":{"rendered":"Eduardo convoca brasileiros que possuem armas de fogo, para serem &#8216;volunt\u00e1rios&#8217; de Bolsonaro"},"content":{"rendered":"\n<p>O filho \u201czero 3\u201d do&nbsp;presidente Jair Bolsonaro (PL), Eduardo Bolsonaro (PL-SP), convocou nesta segunda-feira (5) por meio das redes sociais brasileiros que possuem armas legalizadas a serem <strong><em>\u201cvolunt\u00e1rios\u201d<\/em><\/strong> em defesa do governante.<\/p>\n\n\n\n<!--more-->\n\n\n\n<p>O deputado federal por S\u00e3o Paulo fez uma publica\u00e7\u00e3o no Twitter chamando seguidores que tenham arma de fogo ou frequentem clubes de tiros a atuarem em favor do presidente da Rep\u00fablica. O parlamentar ainda orientou que interessados busquem orienta\u00e7\u00f5es com ele e pe\u00e7as adesivos da campanha e distribuam.<\/p>\n\n\n\n<p><strong><em>\u201cVoc\u00ea comprou arma legal? Tem clube de tiro ou frequenta algum? Ent\u00e3o voc\u00ea tem que se transformar num volunt\u00e1rio de Bolsonaro. Pe\u00e7a ao seu candidato a deputado federal adesivos e santinhos do Presidente, distribua. Em SP eu te envio\u201d<\/em><\/strong><em>, <\/em>escreveu<em>.<\/em><\/p>\n\n\n\n<div class=\"wp-block-image\"><figure class=\"aligncenter size-full\"><img fetchpriority=\"high\" decoding=\"async\" width=\"720\" height=\"181\" src=\"https:\/\/www.portalalerta.com.br\/wp-content\/uploads\/2018\/02\/Auto-Escola-Nobre.jpg\" alt=\"\" class=\"wp-image-4869\" srcset=\"https:\/\/www.portalalerta.com.br\/wp-content\/uploads\/2018\/02\/Auto-Escola-Nobre.jpg 720w, https:\/\/www.portalalerta.com.br\/wp-content\/uploads\/2018\/02\/Auto-Escola-Nobre-260x65.jpg 260w, https:\/\/www.portalalerta.com.br\/wp-content\/uploads\/2018\/02\/Auto-Escola-Nobre-50x13.jpg 50w, https:\/\/www.portalalerta.com.br\/wp-content\/uploads\/2018\/02\/Auto-Escola-Nobre-150x38.jpg 150w\" sizes=\"(max-width: 720px) 100vw, 720px\" \/><\/figure><\/div>\n\n\n\n<p>Nos coment\u00e1rios, o Zero 3 foi respondido pelo deputado federal Andr\u00e9 Janones (Avante-MG), que ironizou a publica\u00e7\u00e3o convidando familiares de mortos pela Covid-19 a se transformarem em militantes contra o bolsonarismo.<\/p>\n\n\n\n<p><strong><em>&#8220;Voc\u00ea teve algum familiar morto pela covid? Morreu \u00e0 espera de vacina? Ent\u00e3o voc\u00ea tem que se transformar num militante contra o bolsonarismo! Pe\u00e7a ao seu candidato a deputado federal adesivos e santinhos do presidente Lula, distribua!&#8221;,<\/em><\/strong><em> <\/em>publicou Janones, apoiador do ex-presidente petista<em>.<\/em><\/p>\n\n\n\n<p>Nesta segunda, o ministro do Supremo Tribunal Federal (STF) Edson Fachin determinou a suspens\u00e3o de trechos de decretos do presidente Jair Bolsonaro que facilitam o acesso a muni\u00e7\u00f5es e armas de fogo. O magistrado argumentou ver risco de viol\u00eancia pol\u00edtica extremada nas elei\u00e7\u00f5es deste ano.<\/p>\n\n\n\n<p>O magistrado restringiu os efeitos de uma portaria conjunta em que os minist\u00e9rios da Justi\u00e7a e Seguran\u00e7a P\u00fablica e da Defesa liberam a compra mensal de at\u00e9 300 unidades de muni\u00e7\u00e3o esportiva calibre 22 de fogo circular, 200 unidades de muni\u00e7\u00e3o de ca\u00e7a e esportiva nos calibres 12, 16, 20, 24, 28, 32, 36 e 9.1mm, e 50 unidades das demais muni\u00e7\u00f5es de calibres permitidos.<\/p>\n\n\n\n<p><em>Fonte: Yahoo Not\u00edcias<\/em><\/p>\n","protected":false},"excerpt":{"rendered":"<p>O filho \u201czero 3\u201d do&nbsp;presidente Jair Bolsonaro (PL), Eduardo Bolsonaro (PL-SP), convocou nesta segunda-feira (5) por meio das redes sociais brasileiros que possuem armas legalizadas a serem \u201cvolunt\u00e1rios\u201d em defesa do governante.<\/p>\n","protected":false},"author":2,"featured_media":44618,"comment_status":"open","ping_status":"open","sticky":false,"template":"","format":"standard","meta":{"om_disable_all_campaigns":false,"_monsterinsights_skip_tracking":false,"_monsterinsights_sitenote_active":false,"_monsterinsights_sitenote_note":"","_monsterinsights_sitenote_category":0,"footnotes":""},"categories":[34,70,69,21],"tags":[1441,2123,93,215,2058,1395,199],"class_list":["post-44617","post","type-post","status-publish","format-standard","has-post-thumbnail","hentry","category-brasil","category-destaques","category-noticias2","category-politica","tag-apoio","tag-armas-de-fogo","tag-brasil","tag-deputado-federal","tag-eduardo-bolsonaro","tag-jair-bolsonaro","tag-politica"],"aioseo_notices":[],"_links":{"self":[{"href":"https:\/\/www.portalalerta.com.br\/index.php\/wp-json\/wp\/v2\/posts\/44617","targetHints":{"allow":["GET"]}}],"collection":[{"href":"https:\/\/www.portalalerta.com.br\/index.php\/wp-json\/wp\/v2\/posts"}],"about":[{"href":"https:\/\/www.portalalerta.com.br\/index.php\/wp-json\/wp\/v2\/types\/post"}],"author":[{"embeddable":true,"href":"https:\/\/www.portalalerta.com.br\/index.php\/wp-json\/wp\/v2\/users\/2"}],"replies":[{"embeddable":true,"href":"https:\/\/www.portalalerta.com.br\/index.php\/wp-json\/wp\/v2\/comments?post=44617"}],"version-history":[{"count":2,"href":"https:\/\/www.portalalerta.com.br\/index.php\/wp-json\/wp\/v2\/posts\/44617\/revisions"}],"predecessor-version":[{"id":44627,"href":"https:\/\/www.portalalerta.com.br\/index.php\/wp-json\/wp\/v2\/posts\/44617\/revisions\/44627"}],"wp:featuredmedia":[{"embeddable":true,"href":"https:\/\/www.portalalerta.com.br\/index.php\/wp-json\/wp\/v2\/media\/44618"}],"wp:attachment":[{"href":"https:\/\/www.portalalerta.com.br\/index.php\/wp-json\/wp\/v2\/media?parent=44617"}],"wp:term":[{"taxonomy":"category","embeddable":true,"href":"https:\/\/www.portalalerta.com.br\/index.php\/wp-json\/wp\/v2\/categories?post=44617"},{"taxonomy":"post_tag","embeddable":true,"href":"https:\/\/www.portalalerta.com.br\/index.php\/wp-json\/wp\/v2\/tags?post=44617"}],"curies":[{"name":"wp","href":"https:\/\/api.w.org\/{rel}","templated":true}]}}