{"id":44620,"date":"2022-09-06T21:19:32","date_gmt":"2022-09-07T00:19:32","guid":{"rendered":"https:\/\/www.portalalerta.com.br\/?p=44620"},"modified":"2022-09-06T21:19:33","modified_gmt":"2022-09-07T00:19:33","slug":"jovem-e-morto-a-tiros-dentro-de-bar-em-araci-ba","status":"publish","type":"post","link":"https:\/\/www.portalalerta.com.br\/index.php\/2022\/09\/06\/jovem-e-morto-a-tiros-dentro-de-bar-em-araci-ba\/","title":{"rendered":"Jovem \u00e9 morto a tiros dentro de bar em Araci-BA"},"content":{"rendered":"\n<p>Um jovem identificado como Wanderson Bispo do Santos, de 23 anos, foi morto a tiros dentro de um bar no Tanque da Na\u00e7\u00e3o, \u00e1rea central de Araci, cidade da regi\u00e3o sisaleira da Bahia, na noite da \u00faltima sexta-feira (2).<\/p>\n\n\n\n<!--more-->\n\n\n\n<p>De acordo com informa\u00e7\u00f5es da Pol\u00edcia Militar, testemunhas relataram que um indiv\u00edduo de capacete entrou com uma pistola, efetuou os disparos e fugiu. A v\u00edtima foi atingida por pelo menos tr\u00eas disparos, sendo um na cabe\u00e7a e dois nas costas, e morreu no local.<\/p>\n\n\n\n<p>A PM isolou a \u00e1rea e acionou uma equipe do Departamento de Pol\u00edcia T\u00e9cnica (DPT). A autoria e motiva\u00e7\u00e3o do crime devem ser investigadas pela Pol\u00edcia Civil.<\/p>\n\n\n\n<p><em>Fonte: Not\u00edcias de Santaluz<\/em><em><\/em><\/p>\n","protected":false},"excerpt":{"rendered":"<p>Um jovem identificado como Wanderson Bispo do Santos, de 23 anos, foi morto a tiros dentro de um bar no Tanque da Na\u00e7\u00e3o, \u00e1rea central de Araci, cidade da regi\u00e3o sisaleira da Bahia, na noite da \u00faltima sexta-feira (2).<\/p>\n","protected":false},"author":2,"featured_media":3247,"comment_status":"open","ping_status":"open","sticky":false,"template":"","format":"standard","meta":{"om_disable_all_campaigns":false,"_monsterinsights_skip_tracking":false,"_monsterinsights_sitenote_active":false,"_monsterinsights_sitenote_note":"","_monsterinsights_sitenote_category":0,"footnotes":""},"categories":[41,70,69,32,22],"tags":[48,375,206,169],"class_list":["post-44620","post","type-post","status-publish","format-standard","has-post-thumbnail","hentry","category-araci","category-destaques","category-noticias2","category-regiao","category-seguranca","tag-araci","tag-disparos-de-arma-de-fogo","tag-homicidio","tag-morte"],"aioseo_notices":[],"_links":{"self":[{"href":"https:\/\/www.portalalerta.com.br\/index.php\/wp-json\/wp\/v2\/posts\/44620","targetHints":{"allow":["GET"]}}],"collection":[{"href":"https:\/\/www.portalalerta.com.br\/index.php\/wp-json\/wp\/v2\/posts"}],"about":[{"href":"https:\/\/www.portalalerta.com.br\/index.php\/wp-json\/wp\/v2\/types\/post"}],"author":[{"embeddable":true,"href":"https:\/\/www.portalalerta.com.br\/index.php\/wp-json\/wp\/v2\/users\/2"}],"replies":[{"embeddable":true,"href":"https:\/\/www.portalalerta.com.br\/index.php\/wp-json\/wp\/v2\/comments?post=44620"}],"version-history":[{"count":1,"href":"https:\/\/www.portalalerta.com.br\/index.php\/wp-json\/wp\/v2\/posts\/44620\/revisions"}],"predecessor-version":[{"id":44621,"href":"https:\/\/www.portalalerta.com.br\/index.php\/wp-json\/wp\/v2\/posts\/44620\/revisions\/44621"}],"wp:featuredmedia":[{"embeddable":true,"href":"https:\/\/www.portalalerta.com.br\/index.php\/wp-json\/wp\/v2\/media\/3247"}],"wp:attachment":[{"href":"https:\/\/www.portalalerta.com.br\/index.php\/wp-json\/wp\/v2\/media?parent=44620"}],"wp:term":[{"taxonomy":"category","embeddable":true,"href":"https:\/\/www.portalalerta.com.br\/index.php\/wp-json\/wp\/v2\/categories?post=44620"},{"taxonomy":"post_tag","embeddable":true,"href":"https:\/\/www.portalalerta.com.br\/index.php\/wp-json\/wp\/v2\/tags?post=44620"}],"curies":[{"name":"wp","href":"https:\/\/api.w.org\/{rel}","templated":true}]}}