{"id":44622,"date":"2022-09-06T21:23:15","date_gmt":"2022-09-07T00:23:15","guid":{"rendered":"https:\/\/www.portalalerta.com.br\/?p=44622"},"modified":"2022-09-06T21:23:16","modified_gmt":"2022-09-07T00:23:16","slug":"pesquisa-mostra-bolsonaro-na-frente-de-lula-na-corrida-ao-planalto","status":"publish","type":"post","link":"https:\/\/www.portalalerta.com.br\/index.php\/2022\/09\/06\/pesquisa-mostra-bolsonaro-na-frente-de-lula-na-corrida-ao-planalto\/","title":{"rendered":"Pesquisa mostra Bolsonaro na frente de Lula na corrida ao Planalto"},"content":{"rendered":"\n<p>Levantamento do instituto Gerp ouviu 2.095 pessoas entre 29 de agosto e 1\u00ba de setembro<\/p>\n\n\n\n<!--more-->\n\n\n\n<p>Jair Bolsonaro est\u00e1 numericamente a frente de Lula na pesquisa eleitoral para presidente do instituto Gerp, divulgada nesta segunda feira.<\/p>\n\n\n\n<p>De acordo com o levantamento, o quinto do instituto para o cargo, Bolsonaro tem 39% das inten\u00e7\u00f5es de voto do eleitorado, contra 38% de Lula.<\/p>\n\n\n\n<div class=\"wp-block-image\"><figure class=\"alignleft size-full is-resized\"><img fetchpriority=\"high\" decoding=\"async\" src=\"https:\/\/www.portalalerta.com.br\/wp-content\/uploads\/2021\/04\/ELAB.jpg\" alt=\"\" class=\"wp-image-34795\" width=\"381\" height=\"304\" srcset=\"https:\/\/www.portalalerta.com.br\/wp-content\/uploads\/2021\/04\/ELAB.jpg 1000w, https:\/\/www.portalalerta.com.br\/wp-content\/uploads\/2021\/04\/ELAB-300x240.jpg 300w, https:\/\/www.portalalerta.com.br\/wp-content\/uploads\/2021\/04\/ELAB-768x614.jpg 768w, https:\/\/www.portalalerta.com.br\/wp-content\/uploads\/2021\/04\/ELAB-183x146.jpg 183w, https:\/\/www.portalalerta.com.br\/wp-content\/uploads\/2021\/04\/ELAB-50x40.jpg 50w, https:\/\/www.portalalerta.com.br\/wp-content\/uploads\/2021\/04\/ELAB-94x75.jpg 94w\" sizes=\"(max-width: 381px) 100vw, 381px\" \/><\/figure><\/div>\n\n\n\n<p>Considerando a margem de erro de 2,18 pontos, os dois est\u00e3o tecnicamente empatados. E a primeira vez, contudo, que o presidente aparece na frente do petista na s\u00e9rie do instituto iniciada em mar\u00e7o deste ano.<\/p>\n\n\n\n<p>Bolsonaro j\u00e1 teve 31% em mar\u00e7o, foi para 35% em abril, passou a 37% em junho e 38% em agosto. Em setembro, foi a 39%. J\u00e1 Lula tinha 38% em mar\u00e7o e variou de um a dois pontos para cima no per\u00edodo e voltou para os 38% em setembro.<\/p>\n\n\n\n<p>Apesar de Lula ter sido superado numericamente na prefer\u00eancia do eleitor, Bolsonaro ainda \u00e9 mais rejeitado do que o seu rival, segundo o levantamento. O petista tem 46% de rejei\u00e7\u00e3o enquanto seu advers\u00e1rio tem 53%.<\/p>\n\n\n\n<p>O levantamento ouviu 2.095 pessoas entre 29 de agosto e 1\u00ba de setembro. A pesquisa foi registrada no TSE sob o protocolo BR 09102\/2022.<\/p>\n\n\n\n<p><em>Fonte: Veja<\/em><\/p>\n","protected":false},"excerpt":{"rendered":"<p>Levantamento do instituto Gerp ouviu 2.095 pessoas entre 29 de agosto e 1\u00ba de setembro<\/p>\n","protected":false},"author":2,"featured_media":38935,"comment_status":"open","ping_status":"open","sticky":false,"template":"","format":"standard","meta":{"om_disable_all_campaigns":false,"_monsterinsights_skip_tracking":false,"_monsterinsights_sitenote_active":false,"_monsterinsights_sitenote_note":"","_monsterinsights_sitenote_category":0,"footnotes":""},"categories":[34,70,69,21],"tags":[93,3181,1395,303,3871,199],"class_list":["post-44622","post","type-post","status-publish","format-standard","has-post-thumbnail","hentry","category-brasil","category-destaques","category-noticias2","category-politica","tag-brasil","tag-eleicoes-2022","tag-jair-bolsonaro","tag-lula","tag-pesquisa-eleitoral","tag-politica"],"aioseo_notices":[],"_links":{"self":[{"href":"https:\/\/www.portalalerta.com.br\/index.php\/wp-json\/wp\/v2\/posts\/44622","targetHints":{"allow":["GET"]}}],"collection":[{"href":"https:\/\/www.portalalerta.com.br\/index.php\/wp-json\/wp\/v2\/posts"}],"about":[{"href":"https:\/\/www.portalalerta.com.br\/index.php\/wp-json\/wp\/v2\/types\/post"}],"author":[{"embeddable":true,"href":"https:\/\/www.portalalerta.com.br\/index.php\/wp-json\/wp\/v2\/users\/2"}],"replies":[{"embeddable":true,"href":"https:\/\/www.portalalerta.com.br\/index.php\/wp-json\/wp\/v2\/comments?post=44622"}],"version-history":[{"count":1,"href":"https:\/\/www.portalalerta.com.br\/index.php\/wp-json\/wp\/v2\/posts\/44622\/revisions"}],"predecessor-version":[{"id":44623,"href":"https:\/\/www.portalalerta.com.br\/index.php\/wp-json\/wp\/v2\/posts\/44622\/revisions\/44623"}],"wp:featuredmedia":[{"embeddable":true,"href":"https:\/\/www.portalalerta.com.br\/index.php\/wp-json\/wp\/v2\/media\/38935"}],"wp:attachment":[{"href":"https:\/\/www.portalalerta.com.br\/index.php\/wp-json\/wp\/v2\/media?parent=44622"}],"wp:term":[{"taxonomy":"category","embeddable":true,"href":"https:\/\/www.portalalerta.com.br\/index.php\/wp-json\/wp\/v2\/categories?post=44622"},{"taxonomy":"post_tag","embeddable":true,"href":"https:\/\/www.portalalerta.com.br\/index.php\/wp-json\/wp\/v2\/tags?post=44622"}],"curies":[{"name":"wp","href":"https:\/\/api.w.org\/{rel}","templated":true}]}}