{"id":44624,"date":"2022-09-06T21:29:54","date_gmt":"2022-09-07T00:29:54","guid":{"rendered":"https:\/\/www.portalalerta.com.br\/?p=44624"},"modified":"2022-09-06T21:29:55","modified_gmt":"2022-09-07T00:29:55","slug":"prefeitura-e-governo-estadual-promovem-feira-cidada-em-ribeira-do-pombal-ba","status":"publish","type":"post","link":"https:\/\/www.portalalerta.com.br\/index.php\/2022\/09\/06\/prefeitura-e-governo-estadual-promovem-feira-cidada-em-ribeira-do-pombal-ba\/","title":{"rendered":"Prefeitura e Governo estadual promovem Feira Cidad\u00e3 em Ribeira do Pombal-BA"},"content":{"rendered":"\n<p>O empenho da Secretaria de Sa\u00fade junto ao governo do estado trouxe mais uma novidade para a Popula\u00e7\u00e3o pombalense e regi\u00e3o: a realiza\u00e7\u00e3o da Feira Cidad\u00e3 em Ribeira do Pombal, que acontecer\u00e1 nos pr\u00f3ximos dias 09 e 10 de setembro.<\/p>\n\n\n\n<!--more-->\n\n\n\n<div class=\"wp-block-image\"><figure class=\"aligncenter size-full\"><img fetchpriority=\"high\" decoding=\"async\" width=\"720\" height=\"181\" src=\"https:\/\/www.portalalerta.com.br\/wp-content\/uploads\/2018\/02\/Auto-Escola-Nobre.jpg\" alt=\"\" class=\"wp-image-4869\" srcset=\"https:\/\/www.portalalerta.com.br\/wp-content\/uploads\/2018\/02\/Auto-Escola-Nobre.jpg 720w, https:\/\/www.portalalerta.com.br\/wp-content\/uploads\/2018\/02\/Auto-Escola-Nobre-260x65.jpg 260w, https:\/\/www.portalalerta.com.br\/wp-content\/uploads\/2018\/02\/Auto-Escola-Nobre-50x13.jpg 50w, https:\/\/www.portalalerta.com.br\/wp-content\/uploads\/2018\/02\/Auto-Escola-Nobre-150x38.jpg 150w\" sizes=\"(max-width: 720px) 100vw, 720px\" \/><\/figure><\/div>\n\n\n\n<p>A Feira Cidad\u00e3 \u00e9 um projeto do Governo da Bahia que oferece atendimentos oftalmol\u00f3gicos, odontol\u00f3gicos e exames como raio-x, mamografia e eletrocardiograma. Em Ribeira do Pombal o evento ser\u00e1 realizado em parceria com a Prefeitura e disponibilizar\u00e1 servi\u00e7os como rastreio e cirurgia simult\u00e2nea de catarata e servi\u00e7o de YAG Laser, que \u00e9 a limpeza das lentes de quem fez cirurgia de catarata.<\/p>\n\n\n\n<p>Al\u00e9m disso, ainda ser\u00e1 poss\u00edvel realizar exames de imagem e servi\u00e7os como exame radiol\u00f3gico, aplica\u00e7\u00e3o de fl\u00faor, limpeza, restaura\u00e7\u00e3o, tratamento de canal e cirurgias de baixa complexidade. Os interessados podem comparecer diretamente ao local da Feira Cidad\u00e3, no Centro de Sa\u00fade, sem a necessidade de marca\u00e7\u00e3o pr\u00e9via, pois os atendimentos ser\u00e3o realizados a partir de demanda espont\u00e2nea, ou seja, quem chegar j\u00e1 pode ser atendido, aguardando apenas a fila.<\/p>\n\n\n\n<p><em>Fonte: SECOM\/ Ribeira do Pombal<\/em><\/p>\n","protected":false},"excerpt":{"rendered":"<p>O empenho da Secretaria de Sa\u00fade junto ao governo do estado trouxe mais uma novidade para a Popula\u00e7\u00e3o pombalense e regi\u00e3o: a realiza\u00e7\u00e3o da Feira Cidad\u00e3 em Ribeira do Pombal, que acontecer\u00e1 nos pr\u00f3ximos dias 09 e 10 de setembro.<\/p>\n","protected":false},"author":2,"featured_media":44625,"comment_status":"open","ping_status":"open","sticky":false,"template":"","format":"standard","meta":{"om_disable_all_campaigns":false,"_monsterinsights_skip_tracking":false,"_monsterinsights_sitenote_active":false,"_monsterinsights_sitenote_note":"","_monsterinsights_sitenote_category":0,"footnotes":""},"categories":[70,69,32,3,19],"tags":[2621,145,47],"class_list":["post-44624","post","type-post","status-publish","format-standard","has-post-thumbnail","hentry","category-destaques","category-noticias2","category-regiao","category-ribeira-do-pombal","category-saude","tag-feira-cidada","tag-prefeitura","tag-ribeira-do-pombal"],"aioseo_notices":[],"_links":{"self":[{"href":"https:\/\/www.portalalerta.com.br\/index.php\/wp-json\/wp\/v2\/posts\/44624","targetHints":{"allow":["GET"]}}],"collection":[{"href":"https:\/\/www.portalalerta.com.br\/index.php\/wp-json\/wp\/v2\/posts"}],"about":[{"href":"https:\/\/www.portalalerta.com.br\/index.php\/wp-json\/wp\/v2\/types\/post"}],"author":[{"embeddable":true,"href":"https:\/\/www.portalalerta.com.br\/index.php\/wp-json\/wp\/v2\/users\/2"}],"replies":[{"embeddable":true,"href":"https:\/\/www.portalalerta.com.br\/index.php\/wp-json\/wp\/v2\/comments?post=44624"}],"version-history":[{"count":1,"href":"https:\/\/www.portalalerta.com.br\/index.php\/wp-json\/wp\/v2\/posts\/44624\/revisions"}],"predecessor-version":[{"id":44626,"href":"https:\/\/www.portalalerta.com.br\/index.php\/wp-json\/wp\/v2\/posts\/44624\/revisions\/44626"}],"wp:featuredmedia":[{"embeddable":true,"href":"https:\/\/www.portalalerta.com.br\/index.php\/wp-json\/wp\/v2\/media\/44625"}],"wp:attachment":[{"href":"https:\/\/www.portalalerta.com.br\/index.php\/wp-json\/wp\/v2\/media?parent=44624"}],"wp:term":[{"taxonomy":"category","embeddable":true,"href":"https:\/\/www.portalalerta.com.br\/index.php\/wp-json\/wp\/v2\/categories?post=44624"},{"taxonomy":"post_tag","embeddable":true,"href":"https:\/\/www.portalalerta.com.br\/index.php\/wp-json\/wp\/v2\/tags?post=44624"}],"curies":[{"name":"wp","href":"https:\/\/api.w.org\/{rel}","templated":true}]}}