{"id":44680,"date":"2022-09-12T16:02:00","date_gmt":"2022-09-12T19:02:00","guid":{"rendered":"https:\/\/www.portalalerta.com.br\/?p=44680"},"modified":"2022-09-12T00:44:29","modified_gmt":"2022-09-12T03:44:29","slug":"itamaraty-prepara-ida-de-bolsonaro-para-velorio-da-rainha-elizabeth-ii-em-londres","status":"publish","type":"post","link":"https:\/\/www.portalalerta.com.br\/index.php\/2022\/09\/12\/itamaraty-prepara-ida-de-bolsonaro-para-velorio-da-rainha-elizabeth-ii-em-londres\/","title":{"rendered":"Itamaraty prepara ida de Bolsonaro para vel\u00f3rio da rainha Elizabeth II em Londres"},"content":{"rendered":"\n<p>Informa\u00e7\u00f5es ainda n\u00e3o oficiais indicam que o presidente deve participar da solenidade e depois seguir para Nova York, onde discursar\u00e1 na abertura da Assembleia-Geral das Na\u00e7\u00f5es Unidas, no dia 20.<\/p>\n\n\n\n<!--more-->\n\n\n\n<p>O governo brasileiro, atrav\u00e9s do Itamaraty, j\u00e1 prepara a viagem do presidente Jair Bolsonaro (PL) para o funeral da rainha Elizabeth II, em Londres, marcado para o dia 19 de setembro. Segundo a Folha de S. Paulo, interlocutores disseram que a ideia \u00e9 que o mandat\u00e1rio participe da solenidade e depois siga para Nova York, onde discursar\u00e1 na abertura da Assembleia-Geral das Na\u00e7\u00f5es Unidas (ONU), que acontece no dia 20.<\/p>\n\n\n\n<div class=\"wp-block-image\"><figure class=\"aligncenter size-full\"><img fetchpriority=\"high\" decoding=\"async\" width=\"720\" height=\"181\" src=\"https:\/\/www.portalalerta.com.br\/wp-content\/uploads\/2018\/02\/Auto-Escola-Nobre.jpg\" alt=\"\" class=\"wp-image-4869\" srcset=\"https:\/\/www.portalalerta.com.br\/wp-content\/uploads\/2018\/02\/Auto-Escola-Nobre.jpg 720w, https:\/\/www.portalalerta.com.br\/wp-content\/uploads\/2018\/02\/Auto-Escola-Nobre-260x65.jpg 260w, https:\/\/www.portalalerta.com.br\/wp-content\/uploads\/2018\/02\/Auto-Escola-Nobre-50x13.jpg 50w, https:\/\/www.portalalerta.com.br\/wp-content\/uploads\/2018\/02\/Auto-Escola-Nobre-150x38.jpg 150w\" sizes=\"(max-width: 720px) 100vw, 720px\" \/><\/figure><\/div>\n\n\n\n<p>A viagem ainda n\u00e3o est\u00e1 confirmada oficialmente, mas aliados acreditam que ele deve ir, como havia sinalizado neste s\u00e1bado (10) \u00e0 CNN Brasil. &#8220;De acordo com o hor\u00e1rio e dia, pode ser que eu v\u00e1&#8221;, afirmou \u00e0 emissora. A sa\u00edda dele do Brasil se daria na reta final da campanha presidencial, na qual Bolsonaro busca se reeleger ao cargo no pr\u00f3ximo dia 2 de outubro.<\/p>\n\n\n\n<p>Na \u00faltima quinta-feira (8), data da morte da rainha Elizabeth II, o chefe do Executivo decretou luto oficial de tr\u00eas dias no Brasil e lamentou o falecimento nas redes sociais, chamando a brit\u00e2nica de &#8220;rainha de todos&#8221;.&nbsp;<\/p>\n\n\n\n<p><em>Fonte: Metro1<\/em><\/p>\n","protected":false},"excerpt":{"rendered":"<p>Informa\u00e7\u00f5es ainda n\u00e3o oficiais indicam que o presidente deve participar da solenidade e depois seguir para Nova York, onde discursar\u00e1 na abertura da Assembleia-Geral das Na\u00e7\u00f5es Unidas, no dia 20.<\/p>\n","protected":false},"author":2,"featured_media":44637,"comment_status":"open","ping_status":"open","sticky":false,"template":"","format":"standard","meta":{"om_disable_all_campaigns":false,"_monsterinsights_skip_tracking":false,"_monsterinsights_sitenote_active":false,"_monsterinsights_sitenote_note":"","_monsterinsights_sitenote_category":0,"footnotes":""},"categories":[34,70,35,69,21],"tags":[100,71,48,4179,93,75,4178,4180,129,107,4416,4181,813,132,1395,230,339,3828,106,203,120,51,1152,109,5602,2085,88,47,111,190],"class_list":["post-44680","post","type-post","status-publish","format-standard","has-post-thumbnail","hentry","category-brasil","category-destaques","category-mundo","category-noticias2","category-politica","tag-adustina","tag-antas","tag-araci","tag-banzae-2","tag-brasil","tag-cicero-dantas","tag-cipo-2","tag-crisopolis-2","tag-euclides-da-cunha","tag-fatima","tag-funeral","tag-heliopolis-2","tag-inglaterra","tag-itapicuru","tag-jair-bolsonaro","tag-jeremoabo","tag-mundo","tag-noticias","tag-nova-soure","tag-novo-triunfo","tag-olindina","tag-paripiranga","tag-presidente-da-republica","tag-quijingue","tag-rainha-elizabeth","tag-reino-unido","tag-ribeira-do-amparo","tag-ribeira-do-pombal","tag-sitio-do-quinto","tag-tucano"],"aioseo_notices":[],"_links":{"self":[{"href":"https:\/\/www.portalalerta.com.br\/index.php\/wp-json\/wp\/v2\/posts\/44680","targetHints":{"allow":["GET"]}}],"collection":[{"href":"https:\/\/www.portalalerta.com.br\/index.php\/wp-json\/wp\/v2\/posts"}],"about":[{"href":"https:\/\/www.portalalerta.com.br\/index.php\/wp-json\/wp\/v2\/types\/post"}],"author":[{"embeddable":true,"href":"https:\/\/www.portalalerta.com.br\/index.php\/wp-json\/wp\/v2\/users\/2"}],"replies":[{"embeddable":true,"href":"https:\/\/www.portalalerta.com.br\/index.php\/wp-json\/wp\/v2\/comments?post=44680"}],"version-history":[{"count":1,"href":"https:\/\/www.portalalerta.com.br\/index.php\/wp-json\/wp\/v2\/posts\/44680\/revisions"}],"predecessor-version":[{"id":44681,"href":"https:\/\/www.portalalerta.com.br\/index.php\/wp-json\/wp\/v2\/posts\/44680\/revisions\/44681"}],"wp:featuredmedia":[{"embeddable":true,"href":"https:\/\/www.portalalerta.com.br\/index.php\/wp-json\/wp\/v2\/media\/44637"}],"wp:attachment":[{"href":"https:\/\/www.portalalerta.com.br\/index.php\/wp-json\/wp\/v2\/media?parent=44680"}],"wp:term":[{"taxonomy":"category","embeddable":true,"href":"https:\/\/www.portalalerta.com.br\/index.php\/wp-json\/wp\/v2\/categories?post=44680"},{"taxonomy":"post_tag","embeddable":true,"href":"https:\/\/www.portalalerta.com.br\/index.php\/wp-json\/wp\/v2\/tags?post=44680"}],"curies":[{"name":"wp","href":"https:\/\/api.w.org\/{rel}","templated":true}]}}