{"id":44682,"date":"2022-09-12T16:03:00","date_gmt":"2022-09-12T19:03:00","guid":{"rendered":"https:\/\/www.portalalerta.com.br\/?p=44682"},"modified":"2022-09-12T19:30:09","modified_gmt":"2022-09-12T22:30:09","slug":"vigilante-municipal-e-assassinado-a-facadas-em-ribeira-do-pombal-ba","status":"publish","type":"post","link":"https:\/\/www.portalalerta.com.br\/index.php\/2022\/09\/12\/vigilante-municipal-e-assassinado-a-facadas-em-ribeira-do-pombal-ba\/","title":{"rendered":"Vigilante Municipal \u00e9 assassinado a facadas em Ribeira do Pombal-BA"},"content":{"rendered":"\n<p>Um homem que trabalhava como vigilante de uma creche municipal no bairro Pombalzinho, em Ribeira do Pombal-BA, foi assassinado a facadas na madrugada desta segunda-feira (12).<\/p>\n\n\n\n<!--more-->\n\n\n\n<div class=\"wp-block-image\"><figure class=\"alignleft size-full is-resized\"><img fetchpriority=\"high\" decoding=\"async\" src=\"https:\/\/www.portalalerta.com.br\/wp-content\/uploads\/2022\/03\/Cred-Real.1.jpg\" alt=\"\" class=\"wp-image-41523\" width=\"340\" height=\"272\" srcset=\"https:\/\/www.portalalerta.com.br\/wp-content\/uploads\/2022\/03\/Cred-Real.1.jpg 500w, https:\/\/www.portalalerta.com.br\/wp-content\/uploads\/2022\/03\/Cred-Real.1-300x240.jpg 300w, https:\/\/www.portalalerta.com.br\/wp-content\/uploads\/2022\/03\/Cred-Real.1-183x146.jpg 183w, https:\/\/www.portalalerta.com.br\/wp-content\/uploads\/2022\/03\/Cred-Real.1-50x40.jpg 50w, https:\/\/www.portalalerta.com.br\/wp-content\/uploads\/2022\/03\/Cred-Real.1-94x75.jpg 94w\" sizes=\"(max-width: 340px) 100vw, 340px\" \/><\/figure><\/div>\n\n\n\n<p>De acordo com informa\u00e7\u00f5es preliminares, Denivan de Santana Santos, 36 anos, chegou a ser socorrido para o Hospital Geral Santa Tereza, por\u00e9m n\u00e3o resistiu aos ferimentos e evoluiu a \u00f3bito.<\/p>\n\n\n\n<p>As informa\u00e7\u00f5es a respeito do crime ainda s\u00e3o desencontradas, j\u00e1 que existem relatos de que a v\u00edtima teria sido assassinada em seu local de trabalho, e por outro lado existe outra vers\u00e3o que afirma que Denivan estaria num bar, tamb\u00e9m no bairro Pombalzinho, onde teria participado de uma discuss\u00e3o, que terminou com os golpes que o levou \u00e0 morte. <\/p>\n\n\n\n<p>O caso foi informado \u00e0 Pol\u00edcia Civil da cidade, que acionou o Departamento de Pol\u00edcia T\u00e9cnica para a remo\u00e7\u00e3o do corpo que dever\u00e1 ser autopsiado.<\/p>\n\n\n\n<p>A Pol\u00edcia Civil tamb\u00e9m investiga a autoria e motiva\u00e7\u00e3o, deste que \u00e9 o terceiro homic\u00eddio do ano na cidade.<\/p>\n\n\n\n<div class=\"wp-block-image\"><figure class=\"aligncenter size-full\"><img decoding=\"async\" width=\"500\" height=\"370\" src=\"https:\/\/www.portalalerta.com.br\/wp-content\/uploads\/2022\/09\/homicidio-em-Ribeira-do-Pombal-2022.1.jpeg\" alt=\"\" class=\"wp-image-44685\" srcset=\"https:\/\/www.portalalerta.com.br\/wp-content\/uploads\/2022\/09\/homicidio-em-Ribeira-do-Pombal-2022.1.jpeg 500w, https:\/\/www.portalalerta.com.br\/wp-content\/uploads\/2022\/09\/homicidio-em-Ribeira-do-Pombal-2022.1-324x240.jpeg 324w\" sizes=\"(max-width: 500px) 100vw, 500px\" \/><figcaption>Denivan<\/figcaption><\/figure><\/div>\n\n\n\n<p><em>Reda\u00e7\u00e3o: Portal Alerta<\/em><\/p>\n","protected":false},"excerpt":{"rendered":"<p>Um homem que trabalhava como vigilante de uma creche municipal no bairro Pombalzinho, em Ribeira do Pombal-BA, foi assassinado a facadas na madrugada desta segunda-feira (12).<\/p>\n","protected":false},"author":2,"featured_media":21880,"comment_status":"open","ping_status":"open","sticky":false,"template":"","format":"standard","meta":{"om_disable_all_campaigns":false,"_monsterinsights_skip_tracking":false,"_monsterinsights_sitenote_active":false,"_monsterinsights_sitenote_note":"","_monsterinsights_sitenote_category":0,"footnotes":""},"categories":[70,69,32,3,22],"tags":[100,71,48,54,4179,75,4178,4180,129,492,107,4181,206,132,230,169,3828,106,203,120,51,122,79,110,109,88,47,111,190],"class_list":["post-44682","post","type-post","status-publish","format-standard","has-post-thumbnail","hentry","category-destaques","category-noticias2","category-regiao","category-ribeira-do-pombal","category-seguranca","tag-adustina","tag-antas","tag-araci","tag-bahia","tag-banzae-2","tag-cicero-dantas","tag-cipo-2","tag-crisopolis-2","tag-euclides-da-cunha","tag-facada","tag-fatima","tag-heliopolis-2","tag-homicidio","tag-itapicuru","tag-jeremoabo","tag-morte","tag-noticias","tag-nova-soure","tag-novo-triunfo","tag-olindina","tag-paripiranga","tag-policia-civil","tag-policia-militar","tag-presos","tag-quijingue","tag-ribeira-do-amparo","tag-ribeira-do-pombal","tag-sitio-do-quinto","tag-tucano"],"aioseo_notices":[],"_links":{"self":[{"href":"https:\/\/www.portalalerta.com.br\/index.php\/wp-json\/wp\/v2\/posts\/44682","targetHints":{"allow":["GET"]}}],"collection":[{"href":"https:\/\/www.portalalerta.com.br\/index.php\/wp-json\/wp\/v2\/posts"}],"about":[{"href":"https:\/\/www.portalalerta.com.br\/index.php\/wp-json\/wp\/v2\/types\/post"}],"author":[{"embeddable":true,"href":"https:\/\/www.portalalerta.com.br\/index.php\/wp-json\/wp\/v2\/users\/2"}],"replies":[{"embeddable":true,"href":"https:\/\/www.portalalerta.com.br\/index.php\/wp-json\/wp\/v2\/comments?post=44682"}],"version-history":[{"count":4,"href":"https:\/\/www.portalalerta.com.br\/index.php\/wp-json\/wp\/v2\/posts\/44682\/revisions"}],"predecessor-version":[{"id":44689,"href":"https:\/\/www.portalalerta.com.br\/index.php\/wp-json\/wp\/v2\/posts\/44682\/revisions\/44689"}],"wp:featuredmedia":[{"embeddable":true,"href":"https:\/\/www.portalalerta.com.br\/index.php\/wp-json\/wp\/v2\/media\/21880"}],"wp:attachment":[{"href":"https:\/\/www.portalalerta.com.br\/index.php\/wp-json\/wp\/v2\/media?parent=44682"}],"wp:term":[{"taxonomy":"category","embeddable":true,"href":"https:\/\/www.portalalerta.com.br\/index.php\/wp-json\/wp\/v2\/categories?post=44682"},{"taxonomy":"post_tag","embeddable":true,"href":"https:\/\/www.portalalerta.com.br\/index.php\/wp-json\/wp\/v2\/tags?post=44682"}],"curies":[{"name":"wp","href":"https:\/\/api.w.org\/{rel}","templated":true}]}}