{"id":44692,"date":"2022-09-13T07:01:00","date_gmt":"2022-09-13T10:01:00","guid":{"rendered":"https:\/\/www.portalalerta.com.br\/?p=44692"},"modified":"2022-09-12T23:18:21","modified_gmt":"2022-09-13T02:18:21","slug":"aplb-exige-pagamento-dos-recursos-dos-precatorios-do-fundef-com-juros-e-sem-descontos-e-convoca-paralisacao-na-rede-estadual","status":"publish","type":"post","link":"https:\/\/www.portalalerta.com.br\/index.php\/2022\/09\/13\/aplb-exige-pagamento-dos-recursos-dos-precatorios-do-fundef-com-juros-e-sem-descontos-e-convoca-paralisacao-na-rede-estadual\/","title":{"rendered":"APLB exige pagamento dos recursos dos Precat\u00f3rios do FUNDEF com juros e sem descontos e convoca paralisa\u00e7\u00e3o na rede estadual"},"content":{"rendered":"\n<p>A APLB-Sindicato, leg\u00edtima representante dos trabalhadores em educa\u00e7\u00e3o do estado da Bahia segue firme na mobiliza\u00e7\u00e3o para que o governo do estado efetue imediatamente o pagamento dos recursos dos Precat\u00f3rios do FUNDEF destinados \u00e0 Educa\u00e7\u00e3o.&nbsp;<\/p>\n\n\n\n<!--more-->\n\n\n\n<p>O Sindicato convocou paralisa\u00e7\u00e3o na rede estadual de ensino nesta segunda (12) e ter\u00e7a-feira (13), com manifesta\u00e7\u00e3o \u00e0s 10 horas, na Assembleia Legislativa da Bahia, no Centro Administrativo da Bahia (CAB). O objetivo \u00e9 pressionar para que o governo do estado efetue o pagamento dos recursos aos profissionais da educa\u00e7\u00e3o com juros de mora e sem descontos.<\/p>\n\n\n\n<div class=\"wp-block-image\"><figure class=\"alignleft size-full is-resized\"><img fetchpriority=\"high\" decoding=\"async\" src=\"https:\/\/www.portalalerta.com.br\/wp-content\/uploads\/2021\/04\/ELAB.jpg\" alt=\"\" class=\"wp-image-34795\" width=\"408\" height=\"326\" srcset=\"https:\/\/www.portalalerta.com.br\/wp-content\/uploads\/2021\/04\/ELAB.jpg 1000w, https:\/\/www.portalalerta.com.br\/wp-content\/uploads\/2021\/04\/ELAB-300x240.jpg 300w, https:\/\/www.portalalerta.com.br\/wp-content\/uploads\/2021\/04\/ELAB-768x614.jpg 768w, https:\/\/www.portalalerta.com.br\/wp-content\/uploads\/2021\/04\/ELAB-183x146.jpg 183w, https:\/\/www.portalalerta.com.br\/wp-content\/uploads\/2021\/04\/ELAB-50x40.jpg 50w, https:\/\/www.portalalerta.com.br\/wp-content\/uploads\/2021\/04\/ELAB-94x75.jpg 94w\" sizes=\"(max-width: 408px) 100vw, 408px\" \/><\/figure><\/div>\n\n\n\n<p>Na \u00faltima quinta-feira (08), o Sindicato promoveu uma grande manifesta\u00e7\u00e3o com os trabalhadores na Casa Legislativa, pressionando para que o Projeto de Lei que regulamenta o pagamento, seja votado em regime de urg\u00eancia. Por\u00e9m, a APLB defende que o governo do estado cumpra o que foi acordado, que o pagamento seja realizado com juros de mora e sem descontos.&nbsp;<\/p>\n\n\n\n<p><strong><em>\u201cNa semana anterior estivemos dialogando com diversos deputados (as) na Assembleia Legislativa e alcan\u00e7amos \u00eaxito, pois logo em seguida o governo do estado enviou o PL para a Casa Legislativa. Agora, o objetivo \u00e9 manter os trabalhadores mobilizados para que continuemos pressionando e o PL seja votado. Por\u00e9m, exigimos que o pagamento seja realizado com os juros de mora e sem descontos\u201d<\/em><\/strong>, explica Marilene Betros, coordenadora em exerc\u00edcio.<\/p>\n\n\n\n<p>Marilene ainda ressalta que a mobiliza\u00e7\u00e3o segue para que o pagamento aconte\u00e7a antes das elei\u00e7\u00f5es, previstas para o dia 2 de outubro.<\/p>\n\n\n\n<p><em>Fonte: Sociedade On Line<\/em><\/p>\n","protected":false},"excerpt":{"rendered":"<p>A APLB-Sindicato, leg\u00edtima representante dos trabalhadores em educa\u00e7\u00e3o do estado da Bahia segue firme na mobiliza\u00e7\u00e3o para que o governo do estado efetue imediatamente o pagamento dos recursos dos Precat\u00f3rios do FUNDEF destinados \u00e0 Educa\u00e7\u00e3o.&nbsp;<\/p>\n","protected":false},"author":2,"featured_media":44693,"comment_status":"open","ping_status":"open","sticky":false,"template":"","format":"standard","meta":{"om_disable_all_campaigns":false,"_monsterinsights_skip_tracking":false,"_monsterinsights_sitenote_active":false,"_monsterinsights_sitenote_note":"","_monsterinsights_sitenote_category":0,"footnotes":""},"categories":[33,70,20,69],"tags":[100,71,714,48,54,4179,75,4178,4180,140,129,107,1319,912,4181,132,230,3828,106,203,120,584,51,1318,184,109,88,47,715,111],"class_list":["post-44692","post","type-post","status-publish","format-standard","has-post-thumbnail","hentry","category-bahia","category-destaques","category-educacao","category-noticias2","tag-adustina","tag-antas","tag-aplb","tag-araci","tag-bahia","tag-banzae-2","tag-cicero-dantas","tag-cipo-2","tag-crisopolis-2","tag-educacao","tag-euclides-da-cunha","tag-fatima","tag-fundef","tag-governo-da-bahia","tag-heliopolis-2","tag-itapicuru","tag-jeremoabo","tag-noticias","tag-nova-soure","tag-novo-triunfo","tag-olindina","tag-paralisacao","tag-paripiranga","tag-precatorios","tag-professores","tag-quijingue","tag-ribeira-do-amparo","tag-ribeira-do-pombal","tag-sindicato","tag-sitio-do-quinto"],"aioseo_notices":[],"_links":{"self":[{"href":"https:\/\/www.portalalerta.com.br\/index.php\/wp-json\/wp\/v2\/posts\/44692","targetHints":{"allow":["GET"]}}],"collection":[{"href":"https:\/\/www.portalalerta.com.br\/index.php\/wp-json\/wp\/v2\/posts"}],"about":[{"href":"https:\/\/www.portalalerta.com.br\/index.php\/wp-json\/wp\/v2\/types\/post"}],"author":[{"embeddable":true,"href":"https:\/\/www.portalalerta.com.br\/index.php\/wp-json\/wp\/v2\/users\/2"}],"replies":[{"embeddable":true,"href":"https:\/\/www.portalalerta.com.br\/index.php\/wp-json\/wp\/v2\/comments?post=44692"}],"version-history":[{"count":1,"href":"https:\/\/www.portalalerta.com.br\/index.php\/wp-json\/wp\/v2\/posts\/44692\/revisions"}],"predecessor-version":[{"id":44694,"href":"https:\/\/www.portalalerta.com.br\/index.php\/wp-json\/wp\/v2\/posts\/44692\/revisions\/44694"}],"wp:featuredmedia":[{"embeddable":true,"href":"https:\/\/www.portalalerta.com.br\/index.php\/wp-json\/wp\/v2\/media\/44693"}],"wp:attachment":[{"href":"https:\/\/www.portalalerta.com.br\/index.php\/wp-json\/wp\/v2\/media?parent=44692"}],"wp:term":[{"taxonomy":"category","embeddable":true,"href":"https:\/\/www.portalalerta.com.br\/index.php\/wp-json\/wp\/v2\/categories?post=44692"},{"taxonomy":"post_tag","embeddable":true,"href":"https:\/\/www.portalalerta.com.br\/index.php\/wp-json\/wp\/v2\/tags?post=44692"}],"curies":[{"name":"wp","href":"https:\/\/api.w.org\/{rel}","templated":true}]}}