{"id":44698,"date":"2022-09-13T07:03:00","date_gmt":"2022-09-13T10:03:00","guid":{"rendered":"https:\/\/www.portalalerta.com.br\/?p=44698"},"modified":"2022-09-12T23:37:55","modified_gmt":"2022-09-13T02:37:55","slug":"rosa-weber-toma-posse-no-stf-critica-discursos-de-odio-e-prega-separacao-entre-poderes","status":"publish","type":"post","link":"https:\/\/www.portalalerta.com.br\/index.php\/2022\/09\/13\/rosa-weber-toma-posse-no-stf-critica-discursos-de-odio-e-prega-separacao-entre-poderes\/","title":{"rendered":"Rosa Weber toma posse no STF, critica &#8220;discursos de \u00f3dio&#8221; e prega separa\u00e7\u00e3o entre Poderes"},"content":{"rendered":"\n<p>Para a ministra, a Corte sofre &#8220;ataques injustos e reiterados&#8221;<\/p>\n\n\n\n<!--more-->\n\n\n\n<p>Em discurso de posse ao assumir a presid\u00eancia do Supremo Tribunal Federal (STF), nesta segunda-feira (12), a ministra Rosa Weber afirmou que o pa\u00eds vive tempos &#8220;verdadeiramente perturbadores&#8221;, de &#8220;manique\u00edsmos indesej\u00e1veis&#8221;, e citou ataques &#8220;injustos e reiterados&#8221; sofridos pela Corte.&nbsp;<\/p>\n\n\n\n<div class=\"wp-block-image\"><figure class=\"alignleft size-full is-resized\"><img fetchpriority=\"high\" decoding=\"async\" src=\"https:\/\/www.portalalerta.com.br\/wp-content\/uploads\/2022\/03\/Cred-Real.1.jpg\" alt=\"\" class=\"wp-image-41523\" width=\"386\" height=\"309\" srcset=\"https:\/\/www.portalalerta.com.br\/wp-content\/uploads\/2022\/03\/Cred-Real.1.jpg 500w, https:\/\/www.portalalerta.com.br\/wp-content\/uploads\/2022\/03\/Cred-Real.1-300x240.jpg 300w, https:\/\/www.portalalerta.com.br\/wp-content\/uploads\/2022\/03\/Cred-Real.1-183x146.jpg 183w, https:\/\/www.portalalerta.com.br\/wp-content\/uploads\/2022\/03\/Cred-Real.1-50x40.jpg 50w, https:\/\/www.portalalerta.com.br\/wp-content\/uploads\/2022\/03\/Cred-Real.1-94x75.jpg 94w\" sizes=\"(max-width: 386px) 100vw, 386px\" \/><\/figure><\/div>\n\n\n\n<p>Sem a presen\u00e7a do presidente Jair Bolsonaro, que foi convidado, ela criticou os <strong><em>&#8220;discursos de \u00f3dio&#8221;<\/em><\/strong>, pregou a separa\u00e7\u00e3o entre os Poderes e defendeu a <strong><em>&#8220;cren\u00e7a inabal\u00e1vel na superioridade do estado democr\u00e1tico de direito&#8221;<\/em><\/strong>.<\/p>\n\n\n\n<p><strong><em>&#8220;Vivemos tempos particularmente dif\u00edceis da vida institucional do pa\u00eds. Tempos verdadeiramente perturbadores, de manique\u00edsmos indesej\u00e1veis. O Supremo Tribunal Federal n\u00e3o pode desconhecer esta realidade, at\u00e9 porque tem sido alvo de ataques injustos e reiterados, inclusive sob a pecha de um mal compreendido ativismo judicial, de parte de quem a mais das vezes desconhece o texto constitucional e ignora as atribui\u00e7\u00f5es cometidas a esta Suprema Corte pela Constitui\u00e7\u00e3o&#8221;,<\/em><\/strong> disse.<\/p>\n\n\n\n<p>Terceira mulher a comandar a Corte, ela ficar\u00e1 no posto por apenas um ano, uma vez que se aposentar\u00e1 em outubro do ano que vem, quando completa 75 anos.<\/p>\n\n\n\n<p><em>Fonte: Metro1<\/em><\/p>\n","protected":false},"excerpt":{"rendered":"<p>Para a ministra, a Corte sofre &#8220;ataques injustos e reiterados&#8221;<\/p>\n","protected":false},"author":2,"featured_media":44700,"comment_status":"open","ping_status":"open","sticky":false,"template":"","format":"standard","meta":{"om_disable_all_campaigns":false,"_monsterinsights_skip_tracking":false,"_monsterinsights_sitenote_active":false,"_monsterinsights_sitenote_note":"","_monsterinsights_sitenote_category":0,"footnotes":""},"categories":[34,70,69],"tags":[100,71,48,4179,93,75,4178,4180,129,107,4181,132,230,3828,106,203,120,51,603,94,109,88,47,1530,111,216,190],"class_list":["post-44698","post","type-post","status-publish","format-standard","has-post-thumbnail","hentry","category-brasil","category-destaques","category-noticias2","tag-adustina","tag-antas","tag-araci","tag-banzae-2","tag-brasil","tag-cicero-dantas","tag-cipo-2","tag-crisopolis-2","tag-euclides-da-cunha","tag-fatima","tag-heliopolis-2","tag-itapicuru","tag-jeremoabo","tag-noticias","tag-nova-soure","tag-novo-triunfo","tag-olindina","tag-paripiranga","tag-posse","tag-presidente","tag-quijingue","tag-ribeira-do-amparo","tag-ribeira-do-pombal","tag-rosa-weber","tag-sitio-do-quinto","tag-stf","tag-tucano"],"aioseo_notices":[],"_links":{"self":[{"href":"https:\/\/www.portalalerta.com.br\/index.php\/wp-json\/wp\/v2\/posts\/44698","targetHints":{"allow":["GET"]}}],"collection":[{"href":"https:\/\/www.portalalerta.com.br\/index.php\/wp-json\/wp\/v2\/posts"}],"about":[{"href":"https:\/\/www.portalalerta.com.br\/index.php\/wp-json\/wp\/v2\/types\/post"}],"author":[{"embeddable":true,"href":"https:\/\/www.portalalerta.com.br\/index.php\/wp-json\/wp\/v2\/users\/2"}],"replies":[{"embeddable":true,"href":"https:\/\/www.portalalerta.com.br\/index.php\/wp-json\/wp\/v2\/comments?post=44698"}],"version-history":[{"count":1,"href":"https:\/\/www.portalalerta.com.br\/index.php\/wp-json\/wp\/v2\/posts\/44698\/revisions"}],"predecessor-version":[{"id":44701,"href":"https:\/\/www.portalalerta.com.br\/index.php\/wp-json\/wp\/v2\/posts\/44698\/revisions\/44701"}],"wp:featuredmedia":[{"embeddable":true,"href":"https:\/\/www.portalalerta.com.br\/index.php\/wp-json\/wp\/v2\/media\/44700"}],"wp:attachment":[{"href":"https:\/\/www.portalalerta.com.br\/index.php\/wp-json\/wp\/v2\/media?parent=44698"}],"wp:term":[{"taxonomy":"category","embeddable":true,"href":"https:\/\/www.portalalerta.com.br\/index.php\/wp-json\/wp\/v2\/categories?post=44698"},{"taxonomy":"post_tag","embeddable":true,"href":"https:\/\/www.portalalerta.com.br\/index.php\/wp-json\/wp\/v2\/tags?post=44698"}],"curies":[{"name":"wp","href":"https:\/\/api.w.org\/{rel}","templated":true}]}}