{"id":44704,"date":"2022-09-13T12:01:00","date_gmt":"2022-09-13T15:01:00","guid":{"rendered":"https:\/\/www.portalalerta.com.br\/?p=44704"},"modified":"2022-09-12T23:53:51","modified_gmt":"2022-09-13T02:53:51","slug":"prefeitura-de-ribeira-do-pombal-ba-abre-consulta-publica-para-orcamento-2023","status":"publish","type":"post","link":"https:\/\/www.portalalerta.com.br\/index.php\/2022\/09\/13\/prefeitura-de-ribeira-do-pombal-ba-abre-consulta-publica-para-orcamento-2023\/","title":{"rendered":"Prefeitura de Ribeira do Pombal-BA abre consulta p\u00fablica para Or\u00e7amento 2023"},"content":{"rendered":"\n<p>At\u00e9 o pr\u00f3ximo dia 15\/09 o site da Prefeitura de Ribeira do Pombal-BA est\u00e1 disponibilizando formul\u00e1rio para coleta de sugest\u00f5es da popula\u00e7\u00e3o para a serem incorporadas \u00e0 Lei Or\u00e7ament\u00e1ria 2023, que define entre outras quest\u00f5es onde ser\u00e3o aplicados o recurso p\u00fablico. A iniciativa, al\u00e9m de cumprir uma exig\u00eancia legal \u00e9 um par\u00e2metro pela qual a Prefeitura sem baseia seu planejamento.<\/p>\n\n\n\n<!--more-->\n\n\n\n<div class=\"wp-block-image\"><figure class=\"alignleft size-full is-resized\"><img fetchpriority=\"high\" decoding=\"async\" src=\"https:\/\/www.portalalerta.com.br\/wp-content\/uploads\/2021\/04\/ELAB.jpg\" alt=\"\" class=\"wp-image-34795\" width=\"382\" height=\"305\" srcset=\"https:\/\/www.portalalerta.com.br\/wp-content\/uploads\/2021\/04\/ELAB.jpg 1000w, https:\/\/www.portalalerta.com.br\/wp-content\/uploads\/2021\/04\/ELAB-300x240.jpg 300w, https:\/\/www.portalalerta.com.br\/wp-content\/uploads\/2021\/04\/ELAB-768x614.jpg 768w, https:\/\/www.portalalerta.com.br\/wp-content\/uploads\/2021\/04\/ELAB-183x146.jpg 183w, https:\/\/www.portalalerta.com.br\/wp-content\/uploads\/2021\/04\/ELAB-50x40.jpg 50w, https:\/\/www.portalalerta.com.br\/wp-content\/uploads\/2021\/04\/ELAB-94x75.jpg 94w\" sizes=\"(max-width: 382px) 100vw, 382px\" \/><\/figure><\/div>\n\n\n\n<p>O artigo 48 da Lei de Responsabilidade Fiscal \u2013 LRF, qual disp\u00f5e que a transpar\u00eancia ser\u00e1 assegurada mediante <strong><em>\u201cincentivo \u00e0 participa\u00e7\u00e3o popular e realiza\u00e7\u00e3o de audi\u00eancias p\u00fablicas, durante os processos de elabora\u00e7\u00e3o e discuss\u00e3o dos Planos, Lei&nbsp;de Diretrizes Or\u00e7ament\u00e1rias e Or\u00e7amentos.\u201d<\/em><\/strong><\/p>\n\n\n\n<p>Participar basta acessar o formul\u00e1rio eletr\u00f4nico atrav\u00e9s do endere\u00e7o <strong><a href=\"\u201chttps:\/docs.google.com\/forms\/d\/e\/1FAIpQLSc6OVbaKpZoim1HZeUTprwFp6tuAV_ifaJzPD8UGmIAatO2w\/viewform\u201d\">\u201chttps:\/\/docs.google.com\/forms\/d\/e\/1FAIpQLSc6OVbaKpZoim1HZeUTprwFp6tuAV_ifaJzPD8UGmIAatO2w\/viewform\u201d<\/a><\/strong> ou clicar no link abaixo e preencher com os dados pessoas de identifica\u00e7\u00e3o e as sugest\u00f5es sobre o que deve ser prioridade na administra\u00e7\u00e3o municipal para o ano de 2032.<\/p>\n\n\n\n<p><a rel=\"noreferrer noopener\" href=\"https:\/\/docs.google.com\/forms\/d\/e\/1FAIpQLSc6OVbaKpZoim1HZeUTprwFp6t-uAV_ifaJzPD8UGmIAatO2w\/viewform\" target=\"_blank\"><strong>Acesse aqui o Formul\u00e1rio da Consulta P\u00fablica<\/strong><\/a><\/p>\n\n\n\n<p><em>Fonte: SECOM\/ Ribeira do Pombal<\/em><\/p>\n","protected":false},"excerpt":{"rendered":"<p>At\u00e9 o pr\u00f3ximo dia 15\/09 o site da Prefeitura de Ribeira do Pombal-BA est\u00e1 disponibilizando formul\u00e1rio para coleta de sugest\u00f5es da popula\u00e7\u00e3o para a serem incorporadas \u00e0 Lei Or\u00e7ament\u00e1ria 2023, que define entre outras quest\u00f5es onde ser\u00e3o aplicados o recurso p\u00fablico. A iniciativa, al\u00e9m de cumprir uma exig\u00eancia legal \u00e9 um par\u00e2metro pela qual a &hellip;<\/p>\n","protected":false},"author":2,"featured_media":44705,"comment_status":"open","ping_status":"open","sticky":false,"template":"","format":"standard","meta":{"om_disable_all_campaigns":false,"_monsterinsights_skip_tracking":false,"_monsterinsights_sitenote_active":false,"_monsterinsights_sitenote_note":"","_monsterinsights_sitenote_category":0,"footnotes":""},"categories":[70,69,21,32,3],"tags":[100,71,48,4179,75,4178,5164,4180,129,107,4181,132,230,3828,106,203,120,51,145,109,88,47,111,190],"class_list":["post-44704","post","type-post","status-publish","format-standard","has-post-thumbnail","hentry","category-destaques","category-noticias2","category-politica","category-regiao","category-ribeira-do-pombal","tag-adustina","tag-antas","tag-araci","tag-banzae-2","tag-cicero-dantas","tag-cipo-2","tag-consulta-publica","tag-crisopolis-2","tag-euclides-da-cunha","tag-fatima","tag-heliopolis-2","tag-itapicuru","tag-jeremoabo","tag-noticias","tag-nova-soure","tag-novo-triunfo","tag-olindina","tag-paripiranga","tag-prefeitura","tag-quijingue","tag-ribeira-do-amparo","tag-ribeira-do-pombal","tag-sitio-do-quinto","tag-tucano"],"aioseo_notices":[],"_links":{"self":[{"href":"https:\/\/www.portalalerta.com.br\/index.php\/wp-json\/wp\/v2\/posts\/44704","targetHints":{"allow":["GET"]}}],"collection":[{"href":"https:\/\/www.portalalerta.com.br\/index.php\/wp-json\/wp\/v2\/posts"}],"about":[{"href":"https:\/\/www.portalalerta.com.br\/index.php\/wp-json\/wp\/v2\/types\/post"}],"author":[{"embeddable":true,"href":"https:\/\/www.portalalerta.com.br\/index.php\/wp-json\/wp\/v2\/users\/2"}],"replies":[{"embeddable":true,"href":"https:\/\/www.portalalerta.com.br\/index.php\/wp-json\/wp\/v2\/comments?post=44704"}],"version-history":[{"count":1,"href":"https:\/\/www.portalalerta.com.br\/index.php\/wp-json\/wp\/v2\/posts\/44704\/revisions"}],"predecessor-version":[{"id":44706,"href":"https:\/\/www.portalalerta.com.br\/index.php\/wp-json\/wp\/v2\/posts\/44704\/revisions\/44706"}],"wp:featuredmedia":[{"embeddable":true,"href":"https:\/\/www.portalalerta.com.br\/index.php\/wp-json\/wp\/v2\/media\/44705"}],"wp:attachment":[{"href":"https:\/\/www.portalalerta.com.br\/index.php\/wp-json\/wp\/v2\/media?parent=44704"}],"wp:term":[{"taxonomy":"category","embeddable":true,"href":"https:\/\/www.portalalerta.com.br\/index.php\/wp-json\/wp\/v2\/categories?post=44704"},{"taxonomy":"post_tag","embeddable":true,"href":"https:\/\/www.portalalerta.com.br\/index.php\/wp-json\/wp\/v2\/tags?post=44704"}],"curies":[{"name":"wp","href":"https:\/\/api.w.org\/{rel}","templated":true}]}}