{"id":44707,"date":"2022-09-13T12:02:00","date_gmt":"2022-09-13T15:02:00","guid":{"rendered":"https:\/\/www.portalalerta.com.br\/?p=44707"},"modified":"2022-09-12T23:59:58","modified_gmt":"2022-09-13T02:59:58","slug":"jeronimo-recusa-debate-exclusivo-com-neto-temos-encontro-marcado-na-tv-bahia-dia-27","status":"publish","type":"post","link":"https:\/\/www.portalalerta.com.br\/index.php\/2022\/09\/13\/jeronimo-recusa-debate-exclusivo-com-neto-temos-encontro-marcado-na-tv-bahia-dia-27\/","title":{"rendered":"Jer\u00f4nimo recusa debate exclusivo com Neto: &#8220;Temos encontro marcado na TV Bahia, dia 27&#8221;"},"content":{"rendered":"\n<p>Ex-secret\u00e1rio da Educa\u00e7\u00e3o afirmou que n\u00e3o entrar\u00e1 em discuss\u00f5es fora da legisla\u00e7\u00e3o eleitoral<\/p>\n\n\n\n<!--more-->\n\n\n\n<p>Ap\u00f3s a declara\u00e7\u00e3o do candidato a governador ACM Neto (Uni\u00e3o Brasil) sobre marcar um debate direto com o tamb\u00e9m candidato Jer\u00f4nimo Rodrigues (PT), depois de provoca\u00e7\u00f5es, o ex-secret\u00e1rio da Educa\u00e7\u00e3o afirmou que n\u00e3o entrar\u00e1 em discuss\u00f5es fora da legisla\u00e7\u00e3o eleitoral.&nbsp;<\/p>\n\n\n\n<p><strong><em>&#8220;Fui a todos os debates, ao contr\u00e1rio do ex-prefeito, que fugiu. Fiz a provoca\u00e7\u00e3o e sigo disposto, respeitando a legisla\u00e7\u00e3o eleitoral. Temos encontro marcado na TV Bahia, dia 27. Boa oportunidade para debater, ainda mais agora que ele parece ter perdido o medo de me enfrentar&#8221;<\/em><\/strong>, escreveu em seu perfil no Twitter.<\/p>\n\n\n\n<div class=\"wp-block-image\"><figure class=\"aligncenter size-full\"><img fetchpriority=\"high\" decoding=\"async\" width=\"720\" height=\"181\" src=\"https:\/\/www.portalalerta.com.br\/wp-content\/uploads\/2018\/02\/Auto-Escola-Nobre.jpg\" alt=\"\" class=\"wp-image-4869\" srcset=\"https:\/\/www.portalalerta.com.br\/wp-content\/uploads\/2018\/02\/Auto-Escola-Nobre.jpg 720w, https:\/\/www.portalalerta.com.br\/wp-content\/uploads\/2018\/02\/Auto-Escola-Nobre-260x65.jpg 260w, https:\/\/www.portalalerta.com.br\/wp-content\/uploads\/2018\/02\/Auto-Escola-Nobre-50x13.jpg 50w, https:\/\/www.portalalerta.com.br\/wp-content\/uploads\/2018\/02\/Auto-Escola-Nobre-150x38.jpg 150w\" sizes=\"(max-width: 720px) 100vw, 720px\" \/><\/figure><\/div>\n\n\n\n<p>No debate da TVE, que aconteceu na \u00faltima ter\u00e7a-feira (6), o&nbsp;petista fez cr\u00edticas ao advers\u00e1rio por faltar a mais um&nbsp;debate na TV. Depois de chamar a&nbsp;aus\u00eancia de&nbsp;<strong><em>&#8220;um desrespeito \u00e0 popula\u00e7\u00e3o\u201d<\/em><\/strong>, Jer\u00f4nimo ainda questionou:&nbsp;<strong><em>\u201cele est\u00e1 com medo de qu\u00ea?\u201d<\/em><\/strong>.<\/p>\n\n\n\n<p>Nesta segunda,\u00a0Neto rebateu: <strong><em>\u201cJ\u00e1 que o ex-secret\u00e1rio de educa\u00e7\u00e3o, Jer\u00f4nimo, tem falado tanto em debate, gostaria de propor que ele definisse data, local e hor\u00e1rio para um debate entre n\u00f3s dois. Sugiro que seja transmitido ao vivo pelo YouTube e pelas redes sociais do dois\u201d<\/em><\/strong>, afirmou o ex-prefeito de Salvador.<\/p>\n\n\n\n<p><em>Fonte: Metro1<\/em><\/p>\n","protected":false},"excerpt":{"rendered":"<p>Ex-secret\u00e1rio da Educa\u00e7\u00e3o afirmou que n\u00e3o entrar\u00e1 em discuss\u00f5es fora da legisla\u00e7\u00e3o eleitoral<\/p>\n","protected":false},"author":2,"featured_media":44708,"comment_status":"open","ping_status":"open","sticky":false,"template":"","format":"standard","meta":{"om_disable_all_campaigns":false,"_monsterinsights_skip_tracking":false,"_monsterinsights_sitenote_active":false,"_monsterinsights_sitenote_note":"","_monsterinsights_sitenote_category":0,"footnotes":""},"categories":[33,70,69,21],"tags":[722,100,71,48,54,4179,75,4178,4180,129,107,4181,132,230,2500,3828,106,203,120,51,199,109,88,47,111,190],"class_list":["post-44707","post","type-post","status-publish","format-standard","has-post-thumbnail","hentry","category-bahia","category-destaques","category-noticias2","category-politica","tag-acm-neto","tag-adustina","tag-antas","tag-araci","tag-bahia","tag-banzae-2","tag-cicero-dantas","tag-cipo-2","tag-crisopolis-2","tag-euclides-da-cunha","tag-fatima","tag-heliopolis-2","tag-itapicuru","tag-jeremoabo","tag-jeronimo-rodrigues","tag-noticias","tag-nova-soure","tag-novo-triunfo","tag-olindina","tag-paripiranga","tag-politica","tag-quijingue","tag-ribeira-do-amparo","tag-ribeira-do-pombal","tag-sitio-do-quinto","tag-tucano"],"aioseo_notices":[],"_links":{"self":[{"href":"https:\/\/www.portalalerta.com.br\/index.php\/wp-json\/wp\/v2\/posts\/44707","targetHints":{"allow":["GET"]}}],"collection":[{"href":"https:\/\/www.portalalerta.com.br\/index.php\/wp-json\/wp\/v2\/posts"}],"about":[{"href":"https:\/\/www.portalalerta.com.br\/index.php\/wp-json\/wp\/v2\/types\/post"}],"author":[{"embeddable":true,"href":"https:\/\/www.portalalerta.com.br\/index.php\/wp-json\/wp\/v2\/users\/2"}],"replies":[{"embeddable":true,"href":"https:\/\/www.portalalerta.com.br\/index.php\/wp-json\/wp\/v2\/comments?post=44707"}],"version-history":[{"count":1,"href":"https:\/\/www.portalalerta.com.br\/index.php\/wp-json\/wp\/v2\/posts\/44707\/revisions"}],"predecessor-version":[{"id":44709,"href":"https:\/\/www.portalalerta.com.br\/index.php\/wp-json\/wp\/v2\/posts\/44707\/revisions\/44709"}],"wp:featuredmedia":[{"embeddable":true,"href":"https:\/\/www.portalalerta.com.br\/index.php\/wp-json\/wp\/v2\/media\/44708"}],"wp:attachment":[{"href":"https:\/\/www.portalalerta.com.br\/index.php\/wp-json\/wp\/v2\/media?parent=44707"}],"wp:term":[{"taxonomy":"category","embeddable":true,"href":"https:\/\/www.portalalerta.com.br\/index.php\/wp-json\/wp\/v2\/categories?post=44707"},{"taxonomy":"post_tag","embeddable":true,"href":"https:\/\/www.portalalerta.com.br\/index.php\/wp-json\/wp\/v2\/tags?post=44707"}],"curies":[{"name":"wp","href":"https:\/\/api.w.org\/{rel}","templated":true}]}}