{"id":44720,"date":"2022-09-13T18:03:00","date_gmt":"2022-09-13T21:03:00","guid":{"rendered":"https:\/\/www.portalalerta.com.br\/?p=44720"},"modified":"2022-09-13T18:08:36","modified_gmt":"2022-09-13T21:08:36","slug":"mp-pede-que-bamor-e-os-imbativeis-sejam-afastados-por-dois-anos-de-eventos-esportivos","status":"publish","type":"post","link":"https:\/\/www.portalalerta.com.br\/index.php\/2022\/09\/13\/mp-pede-que-bamor-e-os-imbativeis-sejam-afastados-por-dois-anos-de-eventos-esportivos\/","title":{"rendered":"MP pede que Bamor e Os Imbat\u00edveis sejam afastados por dois anos de eventos esportivos"},"content":{"rendered":"\n<p>Na a\u00e7\u00e3o, o MP requer tamb\u00e9m que a Justi\u00e7a impe\u00e7a que todos os associados membros das torcidas frequentem e compare\u00e7am aos referidos eventos usando elementos que os identifiquem como membros das organizadas<\/p>\n\n\n\n<!--more-->\n\n\n\n<p>O Minist\u00e9rio P\u00fablico estadual, por meio da promotora de Justi\u00e7a Thelma Leal, ajuizou nesta segunda-feira (12), uma a\u00e7\u00e3o civil p\u00fablica contra as torcidas organizadas Bamor, do Esporte Clube Bahia, e Torcida Organizada Os Imbat\u00edveis (TUI), do Esporte Clube Vit\u00f3ria, requerendo que a Justi\u00e7a determine o afastamento das mesmas dos locais onde se realizam eventos esportivos, em todo o pa\u00eds, pelo prazo de dois anos.&nbsp;<\/p>\n\n\n\n<div class=\"wp-block-image\"><figure class=\"alignleft size-full is-resized\"><img fetchpriority=\"high\" decoding=\"async\" src=\"https:\/\/www.portalalerta.com.br\/wp-content\/uploads\/2022\/03\/Cred-Real.1.jpg\" alt=\"\" class=\"wp-image-41523\" width=\"376\" height=\"301\" srcset=\"https:\/\/www.portalalerta.com.br\/wp-content\/uploads\/2022\/03\/Cred-Real.1.jpg 500w, https:\/\/www.portalalerta.com.br\/wp-content\/uploads\/2022\/03\/Cred-Real.1-300x240.jpg 300w, https:\/\/www.portalalerta.com.br\/wp-content\/uploads\/2022\/03\/Cred-Real.1-183x146.jpg 183w, https:\/\/www.portalalerta.com.br\/wp-content\/uploads\/2022\/03\/Cred-Real.1-50x40.jpg 50w, https:\/\/www.portalalerta.com.br\/wp-content\/uploads\/2022\/03\/Cred-Real.1-94x75.jpg 94w\" sizes=\"(max-width: 376px) 100vw, 376px\" \/><\/figure><\/div>\n\n\n\n<p>Na a\u00e7\u00e3o, o MP requer tamb\u00e9m que a Justi\u00e7a impe\u00e7a que todos os associados membros das torcidas frequentem e compare\u00e7am aos referidos eventos e seu entorno em um raio de cinco mil metros, portando ou se utilizando de elementos identificativos, indument\u00e1rias ou acess\u00f3rios, desenhos ou outros signos representativos, tais como camisas, blusas, bon\u00e9s, cal\u00e7\u00f5es e faixas que possam identific\u00e1-los nesses eventos, assim como de venderem material das torcidas.<\/p>\n\n\n\n<p>Segundo a promotora de Justi\u00e7a Thelma Leal, <strong><em>\u201cpor meio de not\u00edcias divulgadas pela imprensa, bem como, por comunica\u00e7\u00e3o do Batalh\u00e3o Especializado de Policiamento em Eventos (BEPE), chegou ao nosso conhecimento a pr\u00e1tica de atos de viol\u00eancia generalizada e&nbsp;tumulto entre membros das torcidas Bamor e Tui&nbsp;[Torcida Uniformizada Os Imbat\u00edveis] no dia 4 deste m\u00eas, nas proximidades do Largo do Argeral, bairro de S\u00e3o Caetano, em Salvador\u201d<\/em><\/strong>, afirmou. Ela complementou que em v\u00eddeos que circulam nas redes sociais, e juntados aos autos, \u00e9 poss\u00edvel ver dezenas de torcedores com uniformes da Tui andando pelas ruas ao som de roj\u00f5es. Um deles exibe uma soqueira inglesa, um tipo de arma branca feita de metal, que encaixa nos dedos para potencializar os ferimentos durante o soco, e profere palavras de ordem, como se convocando a multid\u00e3o para briga. Em outro v\u00eddeo, pessoas com uniformes da Tui&nbsp;e da Bamor, estes em menor n\u00famero, enfrentam-se, em agress\u00f5es m\u00fatuas.<\/p>\n\n\n\n<p><strong><em>\u201cEm outra cena de extrema viol\u00eancia, durante a confus\u00e3o de envolvidos, um carro d\u00e1 r\u00e9 e intencionalmente atinge parte das pessoas que estavam na pista, causando les\u00f5es corporais\u201d<\/em><\/strong>, ressaltou a promotora de Justi\u00e7a. Na a\u00e7\u00e3o, o MP requer ainda o fechamento da sede da acionada Bamor para realiza\u00e7\u00e3o de eventos e concentra\u00e7\u00e3o de torcedores, ainda que sem utilizar os elementos identificativos da torcida, nos dias de jogos do time respectivo, pelo prazo de um ano; e o fechamento da sede da acionada Tui para realiza\u00e7\u00e3o de eventos e concentra\u00e7\u00e3o de torcedores nos dois dias que antecedem os jogos do time respectivo, enquanto durar a suspens\u00e3o deferida pela Justi\u00e7a.<br>&nbsp;<br>Al\u00e9m disso, a torcida Tui ter\u00e1 que publicar em suas redes sociais oficiais o motivo da suspens\u00e3o, ou seja, a decis\u00e3o da Justi\u00e7a, na v\u00e9spera de cada partida que o respectivo time disputar, durante o tempo que durar a suspens\u00e3o. <strong><em>\u201cAs torcidas organizadas descumpriram as normas do Estatuto do Torcedor e do C\u00f3digo de Defesa do Consumidor, e ignoraram o acordo extrajudicial que prev\u00ea especificadamente medidas para preven\u00e7\u00e3o e puni\u00e7\u00e3o \u00e0 viol\u00eancia, tumulto e pr\u00e1ticas il\u00edcitas, dentro e fora dos est\u00e1dios, firmado com o MP em janeiro de 2011 e atualizado em 2014\u201d<\/em><\/strong>, destacou a promotora de Justi\u00e7a Thelma Leal. Caso os pedidos sejam descumpridos pelas torcidas, o MP pediu a fixa\u00e7\u00e3o de multa di\u00e1ria de R$ 5 mil.<\/p>\n\n\n\n<p><em>Fonte: Metro1<\/em><\/p>\n","protected":false},"excerpt":{"rendered":"<p>Na a\u00e7\u00e3o, o MP requer tamb\u00e9m que a Justi\u00e7a impe\u00e7a que todos os associados membros das torcidas frequentem e compare\u00e7am aos referidos eventos usando elementos que os identifiquem como membros das organizadas<\/p>\n","protected":false},"author":2,"featured_media":44721,"comment_status":"open","ping_status":"open","sticky":false,"template":"","format":"standard","meta":{"om_disable_all_campaigns":false,"_monsterinsights_skip_tracking":false,"_monsterinsights_sitenote_active":false,"_monsterinsights_sitenote_note":"","_monsterinsights_sitenote_category":0,"footnotes":""},"categories":[33,70,2,69],"tags":[100,71,48,54,2203,4179,75,4178,4180,1693,5048,129,107,4181,132,230,352,3828,106,203,120,5614,51,109,88,47,111,190],"class_list":["post-44720","post","type-post","status-publish","format-standard","has-post-thumbnail","hentry","category-bahia","category-destaques","category-esportes","category-noticias2","tag-adustina","tag-antas","tag-araci","tag-bahia","tag-bamor","tag-banzae-2","tag-cicero-dantas","tag-cipo-2","tag-crisopolis-2","tag-esporte-clube-bahia","tag-esporte-clube-vitoria","tag-euclides-da-cunha","tag-fatima","tag-heliopolis-2","tag-itapicuru","tag-jeremoabo","tag-ministerio-publico","tag-noticias","tag-nova-soure","tag-novo-triunfo","tag-olindina","tag-os-imbativeis","tag-paripiranga","tag-quijingue","tag-ribeira-do-amparo","tag-ribeira-do-pombal","tag-sitio-do-quinto","tag-tucano"],"aioseo_notices":[],"_links":{"self":[{"href":"https:\/\/www.portalalerta.com.br\/index.php\/wp-json\/wp\/v2\/posts\/44720","targetHints":{"allow":["GET"]}}],"collection":[{"href":"https:\/\/www.portalalerta.com.br\/index.php\/wp-json\/wp\/v2\/posts"}],"about":[{"href":"https:\/\/www.portalalerta.com.br\/index.php\/wp-json\/wp\/v2\/types\/post"}],"author":[{"embeddable":true,"href":"https:\/\/www.portalalerta.com.br\/index.php\/wp-json\/wp\/v2\/users\/2"}],"replies":[{"embeddable":true,"href":"https:\/\/www.portalalerta.com.br\/index.php\/wp-json\/wp\/v2\/comments?post=44720"}],"version-history":[{"count":2,"href":"https:\/\/www.portalalerta.com.br\/index.php\/wp-json\/wp\/v2\/posts\/44720\/revisions"}],"predecessor-version":[{"id":44724,"href":"https:\/\/www.portalalerta.com.br\/index.php\/wp-json\/wp\/v2\/posts\/44720\/revisions\/44724"}],"wp:featuredmedia":[{"embeddable":true,"href":"https:\/\/www.portalalerta.com.br\/index.php\/wp-json\/wp\/v2\/media\/44721"}],"wp:attachment":[{"href":"https:\/\/www.portalalerta.com.br\/index.php\/wp-json\/wp\/v2\/media?parent=44720"}],"wp:term":[{"taxonomy":"category","embeddable":true,"href":"https:\/\/www.portalalerta.com.br\/index.php\/wp-json\/wp\/v2\/categories?post=44720"},{"taxonomy":"post_tag","embeddable":true,"href":"https:\/\/www.portalalerta.com.br\/index.php\/wp-json\/wp\/v2\/tags?post=44720"}],"curies":[{"name":"wp","href":"https:\/\/api.w.org\/{rel}","templated":true}]}}