{"id":44858,"date":"2022-09-20T08:01:00","date_gmt":"2022-09-20T11:01:00","guid":{"rendered":"https:\/\/www.portalalerta.com.br\/?p=44858"},"modified":"2022-09-19T23:36:04","modified_gmt":"2022-09-20T02:36:04","slug":"bn-parana-pesquisas-otto-e-caca-crescem-mas-senador-mantem-vantagem-por-vaga","status":"publish","type":"post","link":"https:\/\/www.portalalerta.com.br\/index.php\/2022\/09\/20\/bn-parana-pesquisas-otto-e-caca-crescem-mas-senador-mantem-vantagem-por-vaga\/","title":{"rendered":"BN\/ Paran\u00e1 Pesquisas: Otto e Cac\u00e1 crescem, mas senador mant\u00e9m vantagem por vaga"},"content":{"rendered":"\n<p>O senador Otto Alencar (PSD) mant\u00e9m uma larga vantagem na corrida pela vaga de 2022 ao Senado na Bahia, segundo levantamento realizado pelo Instituto Paran\u00e1 Pesquisas em parceria com o Bahia Not\u00edcias. Candidato \u00e0 reelei\u00e7\u00e3o, Otto oscilou positivamente &#8211; dentro da margem de erro &#8211; para 33,9% das inten\u00e7\u00f5es de voto, frente aos 31,8% registrados no dia 6 de setembro. Mesmo com Cac\u00e1 Le\u00e3o (PP) tamb\u00e9m oscilando para cima, a diferen\u00e7a entre ambos cresceu. O progressista tinha 17,1% no come\u00e7o do m\u00eas e agora fica com 19,2%.<\/p>\n\n\n\n<!--more-->\n\n\n\n<p>Otto, que comp\u00f5e a chapa de Jer\u00f4nimo Rodrigues (PT), voltou a registrar o mesmo \u00edndice de inten\u00e7\u00f5es de voto do primeiro levantamento do Paran\u00e1 Pesquisas ap\u00f3s a defini\u00e7\u00e3o de Cac\u00e1 como integrante da chapa de ACM Neto (Uni\u00e3o) &#8211; apesar da mudan\u00e7a de Jo\u00e3o Le\u00e3o ter sido anunciada em abril, o levantamento do Paran\u00e1 Pesquisas a contar com a altera\u00e7\u00e3o aconteceu apenas em julho .<\/p>\n\n\n\n<div class=\"wp-block-image\"><figure class=\"alignleft size-full is-resized\"><img fetchpriority=\"high\" decoding=\"async\" src=\"https:\/\/www.portalalerta.com.br\/wp-content\/uploads\/2021\/04\/ELAB.jpg\" alt=\"\" class=\"wp-image-34795\" width=\"414\" height=\"331\" srcset=\"https:\/\/www.portalalerta.com.br\/wp-content\/uploads\/2021\/04\/ELAB.jpg 1000w, https:\/\/www.portalalerta.com.br\/wp-content\/uploads\/2021\/04\/ELAB-300x240.jpg 300w, https:\/\/www.portalalerta.com.br\/wp-content\/uploads\/2021\/04\/ELAB-768x614.jpg 768w, https:\/\/www.portalalerta.com.br\/wp-content\/uploads\/2021\/04\/ELAB-183x146.jpg 183w, https:\/\/www.portalalerta.com.br\/wp-content\/uploads\/2021\/04\/ELAB-50x40.jpg 50w, https:\/\/www.portalalerta.com.br\/wp-content\/uploads\/2021\/04\/ELAB-94x75.jpg 94w\" sizes=\"(max-width: 414px) 100vw, 414px\" \/><\/figure><\/div>\n\n\n\n<p>O candidato do PP se distanciou de vez de Dra. Ra\u00edssa Soares (PL), que aparecia empatada tecnicamente com ele ao longo das \u00faltimas pesquisas. A candidata da chapa de Jo\u00e3o Roma oscilou negativamente e agora tem 14%, frente aos 14,7% registrados no come\u00e7o de setembro.<\/p>\n\n\n\n<p>Os demais candidatos tamb\u00e9m oscilaram dentro da margem de erro. T\u00e2mara Azevedo (PSOL) tinha 3,4% e caiu para 2,7%, e Marcelo Barreto (PMN) e C\u00edcero Ara\u00fajo (PCO) registraram agora 2,1% e 1,5% &#8211; ambos tinham 1,7% cada h\u00e1 duas semanas. O n\u00famero de votos branco e nulos foi de 16,7% e apenas 10% n\u00e3o souberam ou n\u00e3o responderam.<\/p>\n\n\n\n<p>O levantamento ouviu 1540 eleitores em 70 munic\u00edpios baianos entre os dias 14 e 18 de setembro de 2022. Possui margem de erro de 2,5% e um intervalo de confian\u00e7a de 95%. A pesquisa est\u00e1 registrada sob n\u00ba&nbsp;BA-02288\/2022.<\/p>\n\n\n\n<p><em>Fonte: Metro1<\/em><\/p>\n","protected":false},"excerpt":{"rendered":"<p>O senador Otto Alencar (PSD) mant\u00e9m uma larga vantagem na corrida pela vaga de 2022 ao Senado na Bahia, segundo levantamento realizado pelo Instituto Paran\u00e1 Pesquisas em parceria com o Bahia Not\u00edcias. Candidato \u00e0 reelei\u00e7\u00e3o, Otto oscilou positivamente &#8211; dentro da margem de erro &#8211; para 33,9% das inten\u00e7\u00f5es de voto, frente aos 31,8% registrados &hellip;<\/p>\n","protected":false},"author":2,"featured_media":44859,"comment_status":"open","ping_status":"open","sticky":false,"template":"","format":"standard","meta":{"om_disable_all_campaigns":false,"_monsterinsights_skip_tracking":false,"_monsterinsights_sitenote_active":false,"_monsterinsights_sitenote_note":"","_monsterinsights_sitenote_category":0,"footnotes":""},"categories":[33,70,69,21],"tags":[100,71,48,54,4179,4793,75,4178,4180,3181,129,107,4181,132,230,3828,106,203,120,673,51,3871,109,5627,88,47,235,111,190],"class_list":["post-44858","post","type-post","status-publish","format-standard","has-post-thumbnail","hentry","category-bahia","category-destaques","category-noticias2","category-politica","tag-adustina","tag-antas","tag-araci","tag-bahia","tag-banzae-2","tag-caca-leao","tag-cicero-dantas","tag-cipo-2","tag-crisopolis-2","tag-eleicoes-2022","tag-euclides-da-cunha","tag-fatima","tag-heliopolis-2","tag-itapicuru","tag-jeremoabo","tag-noticias","tag-nova-soure","tag-novo-triunfo","tag-olindina","tag-otto-alencar","tag-paripiranga","tag-pesquisa-eleitoral","tag-quijingue","tag-raissa-soares","tag-ribeira-do-amparo","tag-ribeira-do-pombal","tag-senado-federal","tag-sitio-do-quinto","tag-tucano"],"aioseo_notices":[],"_links":{"self":[{"href":"https:\/\/www.portalalerta.com.br\/index.php\/wp-json\/wp\/v2\/posts\/44858","targetHints":{"allow":["GET"]}}],"collection":[{"href":"https:\/\/www.portalalerta.com.br\/index.php\/wp-json\/wp\/v2\/posts"}],"about":[{"href":"https:\/\/www.portalalerta.com.br\/index.php\/wp-json\/wp\/v2\/types\/post"}],"author":[{"embeddable":true,"href":"https:\/\/www.portalalerta.com.br\/index.php\/wp-json\/wp\/v2\/users\/2"}],"replies":[{"embeddable":true,"href":"https:\/\/www.portalalerta.com.br\/index.php\/wp-json\/wp\/v2\/comments?post=44858"}],"version-history":[{"count":2,"href":"https:\/\/www.portalalerta.com.br\/index.php\/wp-json\/wp\/v2\/posts\/44858\/revisions"}],"predecessor-version":[{"id":44861,"href":"https:\/\/www.portalalerta.com.br\/index.php\/wp-json\/wp\/v2\/posts\/44858\/revisions\/44861"}],"wp:featuredmedia":[{"embeddable":true,"href":"https:\/\/www.portalalerta.com.br\/index.php\/wp-json\/wp\/v2\/media\/44859"}],"wp:attachment":[{"href":"https:\/\/www.portalalerta.com.br\/index.php\/wp-json\/wp\/v2\/media?parent=44858"}],"wp:term":[{"taxonomy":"category","embeddable":true,"href":"https:\/\/www.portalalerta.com.br\/index.php\/wp-json\/wp\/v2\/categories?post=44858"},{"taxonomy":"post_tag","embeddable":true,"href":"https:\/\/www.portalalerta.com.br\/index.php\/wp-json\/wp\/v2\/tags?post=44858"}],"curies":[{"name":"wp","href":"https:\/\/api.w.org\/{rel}","templated":true}]}}