{"id":45180,"date":"2022-10-14T08:01:00","date_gmt":"2022-10-14T11:01:00","guid":{"rendered":"https:\/\/www.portalalerta.com.br\/?p=45180"},"modified":"2022-10-14T00:54:27","modified_gmt":"2022-10-14T03:54:27","slug":"ministerio-da-cidadania-prorroga-por-30-dias-prazo-para-atualizar-cadastro-do-auxilio-brasil","status":"publish","type":"post","link":"https:\/\/www.portalalerta.com.br\/index.php\/2022\/10\/14\/ministerio-da-cidadania-prorroga-por-30-dias-prazo-para-atualizar-cadastro-do-auxilio-brasil\/","title":{"rendered":"Minist\u00e9rio da Cidadania prorroga por 30 dias prazo para atualizar cadastro do Aux\u00edlio Brasil"},"content":{"rendered":"\n<p><strong>A medida \u00e9 para as fam\u00edlias do programa de transfer\u00eancia de renda que n\u00e3o renovam as informa\u00e7\u00f5es h\u00e1 mais de dois anos<\/strong><\/p>\n\n\n\n<!--more-->\n\n\n\n<p>Os\u00a0benefici\u00e1rios do Aux\u00edlio Brasil\u00a0que n\u00e3o atualizaram os dados no Cad\u00danico (Cadastro \u00danico do Governo Federal) h\u00e1 mais de dois anos ter\u00e3o mais 30 dias para retificar as informa\u00e7\u00f5es, sob o risco de perder o benef\u00edcio. Como filas t\u00eam sido registradas em postos de atendimentos, o Minist\u00e9rio da Cidadania prorrogou o prazo, que tinha previs\u00e3o de terminar nesta sexta-feira (14).<\/p>\n\n\n\n<p>Segundo a pasta, respons\u00e1vel por coordenar o Aux\u00edlio Brasil, para realizar o\u00a0processo de revis\u00e3o cadastral, 1,4 milh\u00e3o de fam\u00edlias inscritas no Cadastro \u00danico foram convocadas no in\u00edcio do ano, sendo 757 mil benefici\u00e1rias do programa de transfer\u00eancia de renda. At\u00e9 setembro, cerca de 263 mil fam\u00edlias ainda n\u00e3o haviam atualizado as informa\u00e7\u00f5es.<\/p>\n\n\n\n<div class=\"wp-block-image\"><figure class=\"alignleft size-full is-resized\"><img fetchpriority=\"high\" decoding=\"async\" src=\"https:\/\/www.portalalerta.com.br\/wp-content\/uploads\/2021\/04\/ELAB.jpg\" alt=\"\" class=\"wp-image-34795\" width=\"391\" height=\"312\" srcset=\"https:\/\/www.portalalerta.com.br\/wp-content\/uploads\/2021\/04\/ELAB.jpg 1000w, https:\/\/www.portalalerta.com.br\/wp-content\/uploads\/2021\/04\/ELAB-300x240.jpg 300w, https:\/\/www.portalalerta.com.br\/wp-content\/uploads\/2021\/04\/ELAB-768x614.jpg 768w, https:\/\/www.portalalerta.com.br\/wp-content\/uploads\/2021\/04\/ELAB-183x146.jpg 183w, https:\/\/www.portalalerta.com.br\/wp-content\/uploads\/2021\/04\/ELAB-50x40.jpg 50w, https:\/\/www.portalalerta.com.br\/wp-content\/uploads\/2021\/04\/ELAB-94x75.jpg 94w\" sizes=\"(max-width: 391px) 100vw, 391px\" \/><\/figure><\/div>\n\n\n\n<p>A data-limite para que os benefici\u00e1rios forne\u00e7am as informa\u00e7\u00f5es foi estabelecida em julho, por meio de um instru\u00e7\u00e3o normativa conjunta que alterou o\u00a0cronograma de averigua\u00e7\u00e3o e revis\u00e3o\u00a0dos dados das fam\u00edlias inscritas no Cad\u00danico, estendendo por mais tr\u00eas meses o prazo de revis\u00e3o cadastral, inicialmente com previs\u00e3o de t\u00e9rmino em 15 de julho.<\/p>\n\n\n\n<p>A atualiza\u00e7\u00e3o cadastral deve ser feita a cada dois anos ou sempre que houver alguma altera\u00e7\u00e3o, o que \u00e9 fundamental para assegurar a qualidade dos dados e garantir que as informa\u00e7\u00f5es registradas na base do Cad\u00danico estejam sempre de acordo com a realidade das fam\u00edlias.<\/p>\n\n\n\n<p>Os benefici\u00e1rios podem verificar se seus dados est\u00e3o desatualizados, ou mesmo se as informa\u00e7\u00f5es j\u00e1 fornecidas est\u00e3o sendo confrontadas com outras bases de dados administrativos federais, por meio do aplicativo do Cad\u00danico, dispon\u00edvel para download na p\u00e1gina&nbsp;<a href=\"https:\/\/www.gov.br\/pt-br\" target=\"_blank\" rel=\"noreferrer noopener\"><strong>gov.br<\/strong><\/a>.<\/p>\n\n\n\n<p>Caso n\u00e3o tenha ocorrido nenhuma altera\u00e7\u00e3o nas informa\u00e7\u00f5es fornecidas na \u00faltima entrevista, a fam\u00edlia benefici\u00e1ria poder\u00e1 tamb\u00e9m fazer a confirma\u00e7\u00e3o delas pelo aplicativo do Cadastro \u00danico. No entanto, se for preciso alterar algum dado, \u00e9 necess\u00e1rio comparecer a um posto de cadastramento para uma nova entrevista de atualiza\u00e7\u00e3o cadastral.<\/p>\n\n\n\n<p>O Minist\u00e9rio da Cidadania explica que foram convocados benefic\u00e1rios para os processos de averigua\u00e7\u00e3o e revis\u00e3o cadastral, que s\u00e3o rotinas de qualifica\u00e7\u00e3o e atualiza\u00e7\u00e3o das informa\u00e7\u00f5es constantes do Cadastro \u00danico. Outra medida realizada \u00e9 o procedimento de focaliza\u00e7\u00e3o, que consiste na verifica\u00e7\u00e3o peri\u00f3dica das informa\u00e7\u00f5es das fam\u00edlias eleg\u00edveis e benefici\u00e1rias do Aux\u00edlio Brasil.<\/p>\n\n\n\n<p>O calend\u00e1rio de pagamento do Aux\u00edlio Brasil deste m\u00eas foi antecipado e come\u00e7ou na \u00faltima ter\u00e7a-feira (11). As parcelas de R$ 600, que beneficiam 21,1 milh\u00f5es de fam\u00edlias, ser\u00e3o pagas at\u00e9 o dia 25 de outubro, de acordo com o final do NIS (n\u00famero de identifica\u00e7\u00e3o social).<\/p>\n\n\n\n<p><strong>O que \u00e9 o Cadastro \u00danico?<\/strong><\/p>\n\n\n\n<p>O Cadastro \u00danico \u00e9 uma base de dados que serve para identificar e conhecer as pessoas e fam\u00edlias mais vulner\u00e1veis do pa\u00eds e, assim, ajudar o Governo Federal a desenvolver pol\u00edticas p\u00fablicas voltadas para essa popula\u00e7\u00e3o. Atualmente, 28 programas federais utilizam a base do Cadastro \u00danico para a gest\u00e3o de suas a\u00e7\u00f5es, como o Programa Aux\u00edlio Brasil, o Benef\u00edcio de Presta\u00e7\u00e3o Continuada, a Tarifa Social de Energia El\u00e9trica e o Crian\u00e7a Feliz.<\/p>\n\n\n\n<p>Ao se inscrever ou atualizar seus dados no Cadastro \u00danico, o cidad\u00e3o est\u00e1 apto a participar de diversos programas sociais dos governos federal, estadual, municipal e do Distrito Federal. A inscri\u00e7\u00e3o no Cadastro \u00danico garante que o Minist\u00e9rio da Cidadania e os \u00f3rg\u00e3os gestores dos outros programas direcionem os servi\u00e7os e benef\u00edcios a quem realmente precisa, os mais pobres e vulner\u00e1veis.<\/p>\n\n\n\n<p><strong>Qual \u00e9 a diferen\u00e7a entre averigua\u00e7\u00e3o cadastral e revis\u00e3o cadastral?<\/strong><\/p>\n\n\n\n<p>A revis\u00e3o cadastral tem como objetivo garantir a atualiza\u00e7\u00e3o dos dados do Cadastro \u00danico pelas fam\u00edlias que est\u00e3o com os registros desatualizados, ou seja, que est\u00e3o h\u00e1 mais de dois anos sem atualizar os dados. J\u00e1 a averigua\u00e7\u00e3o cadastral \u00e9 um processo de verifica\u00e7\u00e3o das informa\u00e7\u00f5es catalogadas no Cadastro \u00danico, por meio da compara\u00e7\u00e3o dos dados declarados pelas fam\u00edlias com outros registros administrativos do Governo Federal, a fim de identificar poss\u00edveis inconsist\u00eancias, principalmente quanto \u00e0 renda dos integrantes da fam\u00edlia.<\/p>\n\n\n\n<p><strong>Quem deve fazer averigua\u00e7\u00e3o cadastral?<\/strong><\/p>\n\n\n\n<p><br>As fam\u00edlias inclu\u00eddas na averigua\u00e7\u00e3o cadastral apresentam diverg\u00eancia entre a renda declarada para o Cadastro \u00danico e a renda de outros registros. Neles, uma ou mais pessoas da fam\u00edlia possuem informa\u00e7\u00e3o de remunera\u00e7\u00e3o do trabalho ou de benef\u00edcio pago pelo INSS que n\u00e3o est\u00e1 constando o Cadastro \u00danico ou que est\u00e1 com um valor menor que o encontrado nos outros registros do Governo Federal.<\/p>\n\n\n\n<p><strong>Quem deve fazer revis\u00e3o cadastral?<\/strong><\/p>\n\n\n\n<p>As fam\u00edlias convocadas para a revis\u00e3o cadastral de 2022 s\u00e3o aquelas que est\u00e3o com o cadastro desatualizado, sendo que a \u00faltima atualiza\u00e7\u00e3o das informa\u00e7\u00f5es aconteceu em 2016 ou 2017. Entre as fam\u00edlias da revis\u00e3o cadastral, h\u00e1 aquelas que s\u00e3o benefici\u00e1rias de um dos seguintes programas: Aux\u00edlio Brasil (substituto do Bolsa Fam\u00edlia), TSEE (Tarifa Social de Energia El\u00e9trica) e&nbsp;BPC (Benef\u00edcio de Presta\u00e7\u00e3o Continuada da Assist\u00eancia Social).&nbsp;<\/p>\n\n\n\n<p><strong>Como regularizar os dados?<\/strong><\/p>\n\n\n\n<p>No aplicativo do Cad\u00danico, o benefici\u00e1rio pode consultar a situa\u00e7\u00e3o cadastral e saber se est\u00e1 inclu\u00eddo nos processos de averigua\u00e7\u00e3o ou revis\u00e3o cadastral, antes de se dirigir ao posto de atendimento do Cadastro \u00danico em seu munic\u00edpio. O aplicativo est\u00e1 dispon\u00edvel para download na p\u00e1gina&nbsp;<a href=\"https:\/\/www.gov.br\/pt-br\" target=\"_blank\" rel=\"noreferrer noopener\"><strong>gov.br<\/strong><\/a>.<\/p>\n\n\n\n<p>Caso n\u00e3o tenha dado cadastral a ser alterado, o benefici\u00e1rio poder\u00e1 realizar a atualiza\u00e7\u00e3o pelo pr\u00f3prio aplicativo, sem a necessidade de realizar o procedimento presencial. Se tiver de alterar alguma informa\u00e7\u00e3o, dever\u00e1 comparecer ao posto de atendimento.<\/p>\n\n\n\n<p><em>Fonte: R7<\/em><\/p>\n","protected":false},"excerpt":{"rendered":"<p>A medida \u00e9 para as fam\u00edlias do programa de transfer\u00eancia de renda que n\u00e3o renovam as informa\u00e7\u00f5es h\u00e1 mais de dois anos<\/p>\n","protected":false},"author":2,"featured_media":38846,"comment_status":"open","ping_status":"open","sticky":false,"template":"","format":"standard","meta":{"om_disable_all_campaigns":false,"_monsterinsights_skip_tracking":false,"_monsterinsights_sitenote_active":false,"_monsterinsights_sitenote_note":"","_monsterinsights_sitenote_category":0,"footnotes":""},"categories":[34,70,69],"tags":[100,71,48,4761,4179,93,75,4178,4180,129,107,4181,132,230,3828,106,203,120,51,109,88,47,111,190],"class_list":["post-45180","post","type-post","status-publish","format-standard","has-post-thumbnail","hentry","category-brasil","category-destaques","category-noticias2","tag-adustina","tag-antas","tag-araci","tag-auxilio-brasil","tag-banzae-2","tag-brasil","tag-cicero-dantas","tag-cipo-2","tag-crisopolis-2","tag-euclides-da-cunha","tag-fatima","tag-heliopolis-2","tag-itapicuru","tag-jeremoabo","tag-noticias","tag-nova-soure","tag-novo-triunfo","tag-olindina","tag-paripiranga","tag-quijingue","tag-ribeira-do-amparo","tag-ribeira-do-pombal","tag-sitio-do-quinto","tag-tucano"],"aioseo_notices":[],"_links":{"self":[{"href":"https:\/\/www.portalalerta.com.br\/index.php\/wp-json\/wp\/v2\/posts\/45180","targetHints":{"allow":["GET"]}}],"collection":[{"href":"https:\/\/www.portalalerta.com.br\/index.php\/wp-json\/wp\/v2\/posts"}],"about":[{"href":"https:\/\/www.portalalerta.com.br\/index.php\/wp-json\/wp\/v2\/types\/post"}],"author":[{"embeddable":true,"href":"https:\/\/www.portalalerta.com.br\/index.php\/wp-json\/wp\/v2\/users\/2"}],"replies":[{"embeddable":true,"href":"https:\/\/www.portalalerta.com.br\/index.php\/wp-json\/wp\/v2\/comments?post=45180"}],"version-history":[{"count":1,"href":"https:\/\/www.portalalerta.com.br\/index.php\/wp-json\/wp\/v2\/posts\/45180\/revisions"}],"predecessor-version":[{"id":45181,"href":"https:\/\/www.portalalerta.com.br\/index.php\/wp-json\/wp\/v2\/posts\/45180\/revisions\/45181"}],"wp:featuredmedia":[{"embeddable":true,"href":"https:\/\/www.portalalerta.com.br\/index.php\/wp-json\/wp\/v2\/media\/38846"}],"wp:attachment":[{"href":"https:\/\/www.portalalerta.com.br\/index.php\/wp-json\/wp\/v2\/media?parent=45180"}],"wp:term":[{"taxonomy":"category","embeddable":true,"href":"https:\/\/www.portalalerta.com.br\/index.php\/wp-json\/wp\/v2\/categories?post=45180"},{"taxonomy":"post_tag","embeddable":true,"href":"https:\/\/www.portalalerta.com.br\/index.php\/wp-json\/wp\/v2\/tags?post=45180"}],"curies":[{"name":"wp","href":"https:\/\/api.w.org\/{rel}","templated":true}]}}