{"id":45184,"date":"2022-10-14T08:03:00","date_gmt":"2022-10-14T11:03:00","guid":{"rendered":"https:\/\/www.portalalerta.com.br\/?p=45184"},"modified":"2022-10-14T01:22:15","modified_gmt":"2022-10-14T04:22:15","slug":"moraes-torna-sem-efeito-inqueritos-sobre-institutos-de-pesquisa","status":"publish","type":"post","link":"https:\/\/www.portalalerta.com.br\/index.php\/2022\/10\/14\/moraes-torna-sem-efeito-inqueritos-sobre-institutos-de-pesquisa\/","title":{"rendered":"Moraes &#8216;torna sem efeito&#8217; inqu\u00e9ritos sobre institutos de pesquisa"},"content":{"rendered":"\n<p><strong>Cade e Pol\u00edcia Federal tinham aberto investiga\u00e7\u00e3o nesta quinta-feira para apurar distor\u00e7\u00f5es nos n\u00fameros do primeiro turno<\/strong><\/p>\n\n\n\n<!--more-->\n\n\n\n<p>O presidente do Tribunal Superior Eleitoral, Alexandre de Moraes, tornou sem efeito inqu\u00e9ritos abertos sobre supostas irregularidades nos institutos de pesquisa nesta quinta-feira (13). As empresas respons\u00e1veis pelos levantamentos tornaram-se alvo de cr\u00edticas ap\u00f3s diverg\u00eancias entre as estimativas e os resultados das urnas.&nbsp;<\/p>\n\n\n\n<p>A Pol\u00edcia Federal tinha instaurado nesta quinta inqu\u00e9rito sobre eventuais crimes cometidos por institutos de pesquisa que erraram resultados do primeiro turno das elei\u00e7\u00f5es. O Conselho Administrativo de Defesa Econ\u00f4mica (Cade) tamb\u00e9m tinha aberto apura\u00e7\u00e3o hoje.&nbsp;<\/p>\n\n\n\n<div class=\"wp-block-image\"><figure class=\"alignleft size-full is-resized\"><img fetchpriority=\"high\" decoding=\"async\" src=\"https:\/\/www.portalalerta.com.br\/wp-content\/uploads\/2022\/03\/Cred-Real.1.jpg\" alt=\"\" class=\"wp-image-41523\" width=\"435\" height=\"348\" srcset=\"https:\/\/www.portalalerta.com.br\/wp-content\/uploads\/2022\/03\/Cred-Real.1.jpg 500w, https:\/\/www.portalalerta.com.br\/wp-content\/uploads\/2022\/03\/Cred-Real.1-300x240.jpg 300w, https:\/\/www.portalalerta.com.br\/wp-content\/uploads\/2022\/03\/Cred-Real.1-183x146.jpg 183w, https:\/\/www.portalalerta.com.br\/wp-content\/uploads\/2022\/03\/Cred-Real.1-50x40.jpg 50w, https:\/\/www.portalalerta.com.br\/wp-content\/uploads\/2022\/03\/Cred-Real.1-94x75.jpg 94w\" sizes=\"(max-width: 435px) 100vw, 435px\" \/><\/figure><\/div>\n\n\n\n<p>Segundo Moraes, compete \u00e0 Justi\u00e7a Eleitoral a fiscaliza\u00e7\u00e3o das entidades de pesquisa e, no caso do Cade e da PF, h\u00e1 <strong><em>&#8220;incompet\u00eancia absoluta de seus \u00f3rg\u00e3os prolatores e a aus\u00eancia de justa causa&#8221;<\/em><\/strong>. <strong><em>&#8220;Inclusive com a participa\u00e7\u00e3o e possibilidade de impugna\u00e7\u00e3o dos envolvidos e com o exerc\u00edcio de poder de pol\u00edcia para garantir a legitimidade eleitoral&#8221;<\/em><\/strong>, escreveu o magistrado.<\/p>\n\n\n\n<p>O ministro determinou tamb\u00e9m o envio da decis\u00e3o \u00e0 Corregedoria-Geral Eleitoral e \u00e0 Procuradoria-Geral Eleitoral para apura\u00e7\u00e3o de eventual pr\u00e1tica de abuso de poder pol\u00edtico. Moraes cita poss\u00edvel <strong><em>&#8220;desvio de finalidade no uso de \u00f3rg\u00e3os administrativos com inten\u00e7\u00e3o de favorecer determinada candidatura, al\u00e9m do crime de abuso de autoridade&#8221;.<\/em><\/strong><\/p>\n\n\n\n<p><strong>Justificativas<\/strong><\/p>\n\n\n\n<p>De acordo com representa\u00e7\u00e3o no Cade, ocorreram erros na apresenta\u00e7\u00e3o dos resultados, tendo em vista a discrep\u00e2ncia do que apontavam as pesquisas eleitorais e o resultado das urnas.\u00a0<strong><em>&#8220;Os erros foram evidenciados pelos resultados das urnas apuradas, quando se constatou que as pesquisas de diferentes institutos de pesquisa, tais como o Datafolha, Ipec, Ipespe, entre outros, erraram, para al\u00e9m das margens de erro, nas pontua\u00e7\u00f5es em rela\u00e7\u00e3o a alguns dos candidatos&#8221;<\/em><\/strong>, diz o Cade.<\/p>\n\n\n\n<p>A investiga\u00e7\u00e3o da PF\u00a0foi uma determina\u00e7\u00e3o do ministro da Justi\u00e7a e Seguran\u00e7a P\u00fablica, Anderson Torres. Ele comunicou a PF sobre a necessidade de um inqu\u00e9rito ap\u00f3s receber uma representa\u00e7\u00e3o do PL, partido do presidente Jair Bolsonaro, que contestou o levantamento de empresas que fizeram um progn\u00f3stico errado das inten\u00e7\u00f5es de voto para o chefe do Executivo.<\/p>\n\n\n\n<p><strong>No Congresso<\/strong><\/p>\n\n\n\n<p>O assunto est\u00e1 em debate tamb\u00e9m no Congresso Nacional. Representantes de institutos de pesquisa e da Justi\u00e7a Eleitoral e cientistas pol\u00edticos podem ser convidados a participar de audi\u00eancia p\u00fablica na Comiss\u00e3o de Transpar\u00eancia do Senado para explicar as diverg\u00eancias entre os levantamentos de inten\u00e7\u00e3o de voto e os resultados das urnas no primeiro turno das elei\u00e7\u00f5es. O requerimento \u00e9 do senador Carlos Portinho (PL-RJ), l\u00edder do governo no Senado.<\/p>\n\n\n\n<p>O senador pede a presen\u00e7a de 15 pessoas e entidades, inclusive o ministro do Tribunal Superior Eleitoral (TSE), Alexandre de Moraes.&nbsp; <strong><em>&#8220;\u00c9 preciso discutir seriamente esse tema, saber se tudo n\u00e3o passa de erros graves de metodologia ou se existe algo pior, como a inten\u00e7\u00e3o deliberada dos institutos e\/ou de seus contratantes de manipular a opini\u00e3o dos eleitores&#8221;,<\/em><\/strong> defende o senador na justificativa do requerimento.<\/p>\n\n\n\n<p>Se aprovada, essa audi\u00eancia deve acontecer antes da instala\u00e7\u00e3o da CPI (Comiss\u00e3o Parlamentar de Inqu\u00e9rito) dos Institutos de Pesquisa, que, embora tenha conseguido assinaturas suficientes para ser lida no plen\u00e1rio da Casa, ainda est\u00e1 sob an\u00e1lise do presidente do Senado, Rodrigo Pacheco (PSD-MG).<\/p>\n\n\n\n<p>Segundo apurou a reportagem, ainda n\u00e3o h\u00e1 previs\u00e3o para que a CPI seja lida em plen\u00e1rio e instalada no Senado. Isso porque existem outras seis CPIs na fila para abertura: desmatamento na Amaz\u00f4nia, ONGs que atuam na regi\u00e3o Norte, obras inacabadas do Minist\u00e9rio da Educa\u00e7\u00e3o (MEC) nos governos do PT, narcotr\u00e1fico, crime organizado no Norte e Nordeste e atua\u00e7\u00e3o de pastores no MEC.<\/p>\n\n\n\n<p><em>Fonte: R7<\/em><\/p>\n","protected":false},"excerpt":{"rendered":"<p>Cade e Pol\u00edcia Federal tinham aberto investiga\u00e7\u00e3o nesta quinta-feira para apurar distor\u00e7\u00f5es nos n\u00fameros do primeiro turno<\/p>\n","protected":false},"author":2,"featured_media":16331,"comment_status":"open","ping_status":"open","sticky":false,"template":"","format":"standard","meta":{"om_disable_all_campaigns":false,"_monsterinsights_skip_tracking":false,"_monsterinsights_sitenote_active":false,"_monsterinsights_sitenote_note":"","_monsterinsights_sitenote_category":0,"footnotes":""},"categories":[34,70,69,21],"tags":[100,1173,71,48,4179,93,2816,75,4178,4180,129,107,4181,132,230,3828,106,203,120,51,3871,173,199,109,88,47,111,190],"class_list":["post-45184","post","type-post","status-publish","format-standard","has-post-thumbnail","hentry","category-brasil","category-destaques","category-noticias2","category-politica","tag-adustina","tag-alexandre-de-moraes","tag-antas","tag-araci","tag-banzae-2","tag-brasil","tag-cade","tag-cicero-dantas","tag-cipo-2","tag-crisopolis-2","tag-euclides-da-cunha","tag-fatima","tag-heliopolis-2","tag-itapicuru","tag-jeremoabo","tag-noticias","tag-nova-soure","tag-novo-triunfo","tag-olindina","tag-paripiranga","tag-pesquisa-eleitoral","tag-policia-federal","tag-politica","tag-quijingue","tag-ribeira-do-amparo","tag-ribeira-do-pombal","tag-sitio-do-quinto","tag-tucano"],"aioseo_notices":[],"_links":{"self":[{"href":"https:\/\/www.portalalerta.com.br\/index.php\/wp-json\/wp\/v2\/posts\/45184","targetHints":{"allow":["GET"]}}],"collection":[{"href":"https:\/\/www.portalalerta.com.br\/index.php\/wp-json\/wp\/v2\/posts"}],"about":[{"href":"https:\/\/www.portalalerta.com.br\/index.php\/wp-json\/wp\/v2\/types\/post"}],"author":[{"embeddable":true,"href":"https:\/\/www.portalalerta.com.br\/index.php\/wp-json\/wp\/v2\/users\/2"}],"replies":[{"embeddable":true,"href":"https:\/\/www.portalalerta.com.br\/index.php\/wp-json\/wp\/v2\/comments?post=45184"}],"version-history":[{"count":1,"href":"https:\/\/www.portalalerta.com.br\/index.php\/wp-json\/wp\/v2\/posts\/45184\/revisions"}],"predecessor-version":[{"id":45185,"href":"https:\/\/www.portalalerta.com.br\/index.php\/wp-json\/wp\/v2\/posts\/45184\/revisions\/45185"}],"wp:featuredmedia":[{"embeddable":true,"href":"https:\/\/www.portalalerta.com.br\/index.php\/wp-json\/wp\/v2\/media\/16331"}],"wp:attachment":[{"href":"https:\/\/www.portalalerta.com.br\/index.php\/wp-json\/wp\/v2\/media?parent=45184"}],"wp:term":[{"taxonomy":"category","embeddable":true,"href":"https:\/\/www.portalalerta.com.br\/index.php\/wp-json\/wp\/v2\/categories?post=45184"},{"taxonomy":"post_tag","embeddable":true,"href":"https:\/\/www.portalalerta.com.br\/index.php\/wp-json\/wp\/v2\/tags?post=45184"}],"curies":[{"name":"wp","href":"https:\/\/api.w.org\/{rel}","templated":true}]}}