{"id":45186,"date":"2022-10-14T18:35:08","date_gmt":"2022-10-14T21:35:08","guid":{"rendered":"https:\/\/www.portalalerta.com.br\/?p=45186"},"modified":"2022-10-14T18:35:09","modified_gmt":"2022-10-14T21:35:09","slug":"policia-prende-thiago-brennand-acusado-de-crimes-sexuais-em-dubai","status":"publish","type":"post","link":"https:\/\/www.portalalerta.com.br\/index.php\/2022\/10\/14\/policia-prende-thiago-brennand-acusado-de-crimes-sexuais-em-dubai\/","title":{"rendered":"Pol\u00edcia prende Thiago Brennand, acusado de crimes sexuais, em Dubai"},"content":{"rendered":"\n<p>A pol\u00edcia prendeu o empres\u00e1rio Thiago Brennand, 42, em Dubai, nos Emirados \u00c1rabes Unidos.<\/p>\n\n\n\n<!--more-->\n\n\n\n<p>O empres\u00e1rio era considerado foragido das autoridades brasileiras ap\u00f3s ter a pris\u00e3o preventiva decretada por suspeita de pr\u00e1tica de crimes sexuais.<\/p>\n\n\n\n<p>Ele viajou para Dubai em 4 de setembro, horas antes de ser denunciado pelo Minist\u00e9rio P\u00fablico de S\u00e3o Paulo sob a suspeita de les\u00e3o corporal e corrup\u00e7\u00e3o de menores ele teria incentivado o filho adolescente a ofender a modelo, segundo os promotores.<\/p>\n\n\n\n<p>A pris\u00e3o teve a participa\u00e7\u00e3o e execu\u00e7\u00e3o da Interpol ap\u00f3s ele entrar na lista de foragidos por n\u00e3o retornar ao Brasil no prazo estipulado pelo Minist\u00e9rio P\u00fablico de S\u00e3o Paulo.<\/p>\n\n\n\n<p>Brennand ficou conhecido em setembro ap\u00f3s agredir a modelo Alliny Helena Gomes, 37, durante discuss\u00e3o em uma academia de gin\u00e1stica na zona oeste de S\u00e3o Paulo.<\/p>\n\n\n\n<p>Ele tamb\u00e9m \u00e9 investigado sob a suspeita de 11 crimes sexuais pelo Minist\u00e9rio P\u00fablico de S\u00e3o Paulo.<\/p>\n\n\n\n<p><strong>Os crimes<\/strong><\/p>\n\n\n\n<p>Entre os supostos ataques investigados pela Promotoria est\u00e3o de estupros a rituais para tatuar as v\u00edtimas com as iniciais do pr\u00f3prio nome, o mesmo acr\u00f4nimo usado pelo empres\u00e1rio para marcar objetos.<\/p>\n\n\n\n<p>A maior parte da lista de v\u00edtimas foi encaminha ao Minist\u00e9rio P\u00fablico pelo escrit\u00f3rio de advocacia Janjacomo e por representantes do projeto Justiceiras, que trabalham juntos neste caso.<\/p>\n\n\n\n<p>Segundo as entidades, as supostas v\u00edtimas relatam situa\u00e7\u00f5es parecidas envolvendo o empres\u00e1rio, c\u00e1rcere privado, sexo sem camisinha, agress\u00f5es f\u00edsicas e verbais, <strong><em>&#8220;stalking&#8221;<\/em><\/strong> (persegui\u00e7\u00e3o), al\u00e9m da marca\u00e7\u00e3o nas v\u00edtimas das iniciais TFV, de Thiago Fernandes Vieira.<\/p>\n\n\n\n<p>A defesa do empres\u00e1rio sempre negou as acusa\u00e7\u00f5es. Em v\u00eddeo publicado na internet, Brennand negou que estivesse fugindo. <strong><em>&#8220;Eu t\u00f4 tranquil\u00edssimo. Tinha algumas op\u00e7\u00f5es de pa\u00edses para onde ir&#8221;<\/em><\/strong>, diz, sem especificar em qual pa\u00eds est\u00e1. <strong><em>&#8220;Estou tranquilo onde estou. N\u00e3o estou fugindo. Pris\u00e3o ilegal? Quem que vai se submeter a um Estado de exce\u00e7\u00e3o?&#8221;<\/em><\/strong><\/p>\n\n\n\n<p><strong><em>&#8220;Voc\u00eas mexeram com a pessoa errada. [&#8230;] Voc\u00eas morrem de inveja. Branco, heterossexual inegoci\u00e1vel. Armamentista, obvio. Conservador, sempre&#8221;<\/em><\/strong>, completa.<\/p>\n\n\n\n<p>O empres\u00e1rio afirma que as acusa\u00e7\u00f5es fazem parte de uma conspira\u00e7\u00e3o contra ele e que a maioria das den\u00fancias de crimes de estupro no Brasil \u00e9 falsa.<\/p>\n\n\n\n<p><em>Fonte: Yahoo Not\u00edcias<\/em><\/p>\n","protected":false},"excerpt":{"rendered":"<p>A pol\u00edcia prendeu o empres\u00e1rio Thiago Brennand, 42, em Dubai, nos Emirados \u00c1rabes Unidos.<\/p>\n","protected":false},"author":2,"featured_media":45187,"comment_status":"open","ping_status":"open","sticky":false,"template":"","format":"standard","meta":{"om_disable_all_campaigns":false,"_monsterinsights_skip_tracking":false,"_monsterinsights_sitenote_active":false,"_monsterinsights_sitenote_note":"","_monsterinsights_sitenote_category":0,"footnotes":""},"categories":[34,70,35,69,22],"tags":[73,59,93,1004,56,5657,339,77,5658],"class_list":["post-45186","post","type-post","status-publish","format-standard","has-post-thumbnail","hentry","category-brasil","category-destaques","category-mundo","category-noticias2","category-seguranca","tag-agressao","tag-ameaca","tag-brasil","tag-dubai","tag-estupro","tag-interpol","tag-mundo","tag-preso","tag-thiago-brennand"],"aioseo_notices":[],"_links":{"self":[{"href":"https:\/\/www.portalalerta.com.br\/index.php\/wp-json\/wp\/v2\/posts\/45186","targetHints":{"allow":["GET"]}}],"collection":[{"href":"https:\/\/www.portalalerta.com.br\/index.php\/wp-json\/wp\/v2\/posts"}],"about":[{"href":"https:\/\/www.portalalerta.com.br\/index.php\/wp-json\/wp\/v2\/types\/post"}],"author":[{"embeddable":true,"href":"https:\/\/www.portalalerta.com.br\/index.php\/wp-json\/wp\/v2\/users\/2"}],"replies":[{"embeddable":true,"href":"https:\/\/www.portalalerta.com.br\/index.php\/wp-json\/wp\/v2\/comments?post=45186"}],"version-history":[{"count":1,"href":"https:\/\/www.portalalerta.com.br\/index.php\/wp-json\/wp\/v2\/posts\/45186\/revisions"}],"predecessor-version":[{"id":45188,"href":"https:\/\/www.portalalerta.com.br\/index.php\/wp-json\/wp\/v2\/posts\/45186\/revisions\/45188"}],"wp:featuredmedia":[{"embeddable":true,"href":"https:\/\/www.portalalerta.com.br\/index.php\/wp-json\/wp\/v2\/media\/45187"}],"wp:attachment":[{"href":"https:\/\/www.portalalerta.com.br\/index.php\/wp-json\/wp\/v2\/media?parent=45186"}],"wp:term":[{"taxonomy":"category","embeddable":true,"href":"https:\/\/www.portalalerta.com.br\/index.php\/wp-json\/wp\/v2\/categories?post=45186"},{"taxonomy":"post_tag","embeddable":true,"href":"https:\/\/www.portalalerta.com.br\/index.php\/wp-json\/wp\/v2\/tags?post=45186"}],"curies":[{"name":"wp","href":"https:\/\/api.w.org\/{rel}","templated":true}]}}