{"id":45189,"date":"2022-10-14T18:44:58","date_gmt":"2022-10-14T21:44:58","guid":{"rendered":"https:\/\/www.portalalerta.com.br\/?p=45189"},"modified":"2022-10-14T18:44:59","modified_gmt":"2022-10-14T21:44:59","slug":"confira-a-ordem-das-apresentacoes-das-atracoes-da-tradicional-festa-de-outubro-de-ribeira-do-pombal-ba","status":"publish","type":"post","link":"https:\/\/www.portalalerta.com.br\/index.php\/2022\/10\/14\/confira-a-ordem-das-apresentacoes-das-atracoes-da-tradicional-festa-de-outubro-de-ribeira-do-pombal-ba\/","title":{"rendered":"Confira a ordem das apresenta\u00e7\u00f5es das atra\u00e7\u00f5es da Tradicional Festa de Outubro de Ribeira do Pombal-BA"},"content":{"rendered":"\n<p>A Tradicional Festa de Outubro de Ribeira do Pombal-BA inicia nesta sexta-feira (14).<\/p>\n\n\n\n<!--more-->\n\n\n\n<p>O evento que sempre coincide com a comemora\u00e7\u00e3o religiosa em homenagem \u00e0 Santa Tereza, padroeira da cidade, volta a acontecer com a presen\u00e7a do p\u00fablico ap\u00f3s a pandemia da Covid-19.<\/p>\n\n\n\n<p>Neste per\u00edodo tamb\u00e9m \u00e9 realizada a tamb\u00e9m tradicional Vaquejada, que neste ano ir\u00e1 acontecer nas novas instala\u00e7\u00f5es do Parque Segismundo Mac\u00eado, que agora est\u00e1 localizado no bairro Vila Oper\u00e1ria, nas proximidades da BR 410.<\/p>\n\n\n\n<p>J\u00e1 no Est\u00e1dio Ferreira Brito (Ferreir\u00e3o), ser\u00e3o tr\u00eas dias de festa, com as seguintes atra\u00e7\u00f5es:<\/p>\n\n\n\n<p><strong><u>Sexta-feira (14)<\/u><\/strong><\/p>\n\n\n\n<div class=\"wp-block-image\"><figure class=\"alignright size-full is-resized\"><img fetchpriority=\"high\" decoding=\"async\" src=\"https:\/\/www.portalalerta.com.br\/wp-content\/uploads\/2021\/04\/ELAB.jpg\" alt=\"\" class=\"wp-image-34795\" width=\"401\" height=\"320\" srcset=\"https:\/\/www.portalalerta.com.br\/wp-content\/uploads\/2021\/04\/ELAB.jpg 1000w, https:\/\/www.portalalerta.com.br\/wp-content\/uploads\/2021\/04\/ELAB-300x240.jpg 300w, https:\/\/www.portalalerta.com.br\/wp-content\/uploads\/2021\/04\/ELAB-768x614.jpg 768w, https:\/\/www.portalalerta.com.br\/wp-content\/uploads\/2021\/04\/ELAB-183x146.jpg 183w, https:\/\/www.portalalerta.com.br\/wp-content\/uploads\/2021\/04\/ELAB-50x40.jpg 50w, https:\/\/www.portalalerta.com.br\/wp-content\/uploads\/2021\/04\/ELAB-94x75.jpg 94w\" sizes=\"(max-width: 401px) 100vw, 401px\" \/><\/figure><\/div>\n\n\n\n<p>22:00hs Dory Casa Nova<\/p>\n\n\n\n<p>00:00h Nando Reis<\/p>\n\n\n\n<p>02:00hs Eric Land<\/p>\n\n\n\n<p>04:00 Marcynho Sensa\u00e7\u00e3o<\/p>\n\n\n\n<p><strong><u>S\u00e1bado (15)<\/u><\/strong><\/p>\n\n\n\n<p>21:00hs Marcelle Nascimento<\/p>\n\n\n\n<p>23:00hs Unha Pintada<\/p>\n\n\n\n<p>01:00h Psirico<\/p>\n\n\n\n<p>03:00hs Noda de Caju<\/p>\n\n\n\n<p>05:00 Iguinho e Lulinha<\/p>\n\n\n\n<p><strong>Domingo (16)<\/strong><\/p>\n\n\n\n<p>22:00hs Edcity<\/p>\n\n\n\n<p>00:00h Matheus e Kauan<\/p>\n\n\n\n<p>02:00hs Vitor Fernandes<\/p>\n\n\n\n<p>04:00 Peu Pirata<\/p>\n\n\n\n<p><em>Reda\u00e7\u00e3o: Portal Alerta<\/em><\/p>\n","protected":false},"excerpt":{"rendered":"<p>A Tradicional Festa de Outubro de Ribeira do Pombal-BA inicia nesta sexta-feira (14).<\/p>\n","protected":false},"author":2,"featured_media":44901,"comment_status":"open","ping_status":"open","sticky":false,"template":"","format":"standard","meta":{"om_disable_all_campaigns":false,"_monsterinsights_skip_tracking":false,"_monsterinsights_sitenote_active":false,"_monsterinsights_sitenote_note":"","_monsterinsights_sitenote_category":0,"footnotes":""},"categories":[70,36,69,3],"tags":[100,71,48,1065,4179,75,4178,4180,129,107,914,4181,132,230,3828,106,203,120,51,109,88,47,111],"class_list":["post-45189","post","type-post","status-publish","format-standard","has-post-thumbnail","hentry","category-destaques","category-lazer","category-noticias2","category-ribeira-do-pombal","tag-adustina","tag-antas","tag-araci","tag-atracoes","tag-banzae-2","tag-cicero-dantas","tag-cipo-2","tag-crisopolis-2","tag-euclides-da-cunha","tag-fatima","tag-festa-de-outubro","tag-heliopolis-2","tag-itapicuru","tag-jeremoabo","tag-noticias","tag-nova-soure","tag-novo-triunfo","tag-olindina","tag-paripiranga","tag-quijingue","tag-ribeira-do-amparo","tag-ribeira-do-pombal","tag-sitio-do-quinto"],"aioseo_notices":[],"_links":{"self":[{"href":"https:\/\/www.portalalerta.com.br\/index.php\/wp-json\/wp\/v2\/posts\/45189","targetHints":{"allow":["GET"]}}],"collection":[{"href":"https:\/\/www.portalalerta.com.br\/index.php\/wp-json\/wp\/v2\/posts"}],"about":[{"href":"https:\/\/www.portalalerta.com.br\/index.php\/wp-json\/wp\/v2\/types\/post"}],"author":[{"embeddable":true,"href":"https:\/\/www.portalalerta.com.br\/index.php\/wp-json\/wp\/v2\/users\/2"}],"replies":[{"embeddable":true,"href":"https:\/\/www.portalalerta.com.br\/index.php\/wp-json\/wp\/v2\/comments?post=45189"}],"version-history":[{"count":1,"href":"https:\/\/www.portalalerta.com.br\/index.php\/wp-json\/wp\/v2\/posts\/45189\/revisions"}],"predecessor-version":[{"id":45191,"href":"https:\/\/www.portalalerta.com.br\/index.php\/wp-json\/wp\/v2\/posts\/45189\/revisions\/45191"}],"wp:featuredmedia":[{"embeddable":true,"href":"https:\/\/www.portalalerta.com.br\/index.php\/wp-json\/wp\/v2\/media\/44901"}],"wp:attachment":[{"href":"https:\/\/www.portalalerta.com.br\/index.php\/wp-json\/wp\/v2\/media?parent=45189"}],"wp:term":[{"taxonomy":"category","embeddable":true,"href":"https:\/\/www.portalalerta.com.br\/index.php\/wp-json\/wp\/v2\/categories?post=45189"},{"taxonomy":"post_tag","embeddable":true,"href":"https:\/\/www.portalalerta.com.br\/index.php\/wp-json\/wp\/v2\/tags?post=45189"}],"curies":[{"name":"wp","href":"https:\/\/api.w.org\/{rel}","templated":true}]}}