{"id":45243,"date":"2022-10-17T16:22:57","date_gmt":"2022-10-17T19:22:57","guid":{"rendered":"https:\/\/www.portalalerta.com.br\/?p=45243"},"modified":"2022-10-17T16:22:58","modified_gmt":"2022-10-17T19:22:58","slug":"tiroteio-em-paraisopolis-que-interrompeu-campanha-de-tarcisio-deixou-um-morto","status":"publish","type":"post","link":"https:\/\/www.portalalerta.com.br\/index.php\/2022\/10\/17\/tiroteio-em-paraisopolis-que-interrompeu-campanha-de-tarcisio-deixou-um-morto\/","title":{"rendered":"Tiroteio em Parais\u00f3polis que interrompeu campanha de Tarc\u00edsio deixou um morto"},"content":{"rendered":"\n<p>Um homem morreu durante um tiroteio em Parais\u00f3polis, na Zona Sul da cidade de S\u00e3o Paulo, na manh\u00e3 desta segunda-feira (17). O caso\u00a0ocorreu enquanto o candidato ao governo do estado, Tarc\u00edsio de Freitas (Republicanos), estava na comunidade.<\/p>\n\n\n\n<!--more-->\n\n\n\n<p>De acordo com informa\u00e7\u00f5es da pol\u00edcia, a v\u00edtima era Felipe Silva de Lima, de 27 anos, que tinha duas passagens por roubo. Ele foi baleado na mesma rua do Polo Universit\u00e1rio, onde estava Tarc\u00edsio, mas distante do pr\u00e9dio.<\/p>\n\n\n\n<p>Segundo informa\u00e7\u00f5es do portal g1, Felipe Silva de Lima chegou a ser levado para o Hospital Campo Limpo, mas n\u00e3o resistiu aos ferimentos e morreu.<\/p>\n\n\n\n<p>Quando o tiroteio aconteceu, Tarc\u00edsio de Freitas estava no terceiro andar do pr\u00e9dio do Polo Universit\u00e1rio. Depois de 20 minutos, o candidato deixou o local, escoltado por seguran\u00e7as. Ningu\u00e9m da equipe se feriu.<\/p>\n\n\n\n<p>Policiais do Garra (Grupo Armado de Repress\u00e3o a Roubos) do Dope (Departamento de Opera\u00e7\u00f5es Policiais Estrat\u00e9gicas) estiveram no local. De acordo com o g1, a apura\u00e7\u00e3o das autoridades, at\u00e9 o momento, foi de que os disparos aconteceram a dois quarteir\u00f5es de onde Felipe morreu.<\/p>\n\n\n\n<p>N\u00e3o h\u00e1 qualquer informa\u00e7\u00e3o que ligue os tiros a um eventual ataque contra a equipe de Tarc\u00edsio de Freitas.<\/p>\n\n\n\n<p><strong>Bolsonaro evita \u201cse precipitar\u201d<\/strong><\/p>\n\n\n\n<p>O presidente\u00a0Jair Bolsonaro (PL) se manifestou nesta segunda-feira (17) sobre o tiroteio que aconteceu mais cedo em Parais\u00f3polis, comunidade na zona Sul de S\u00e3o Paulo. O candidato ao governo do estado pelo Republicanos, Tarc\u00edsio de Freitas, estava no local. Ele teve de interromper a agenda na comunidade ap\u00f3s os disparos.<\/p>\n\n\n\n<p>O presidente, que tenta a reelei\u00e7\u00e3o, afirmou que \u201ctudo \u00e9 preliminar\u201d e que \u00e9 cedo para dizer se houve motiva\u00e7\u00e3o pol\u00edtica no confronto.<\/p>\n\n\n\n<p><strong><em>\u201cRecebi um telefone do Tarc\u00edsio, algumas imagens tamb\u00e9m. Tudo \u00e9 preliminar ainda ent\u00e3o n\u00e3o quero me precipitar. Se foi uma a\u00e7\u00e3o contra a equipe dele, se foi uma a\u00e7\u00e3o isolada, se algum conflito j\u00e1 estava havendo ou por haver na regi\u00e3o. Ent\u00e3o seria prematuro eu falar sobre isso\u201d<\/em><\/strong><em>, <\/em>falou<em>.<\/em><\/p>\n\n\n\n<p><em>Fonte: Yahoo Not\u00edcias<\/em><\/p>\n","protected":false},"excerpt":{"rendered":"<p>Um homem morreu durante um tiroteio em Parais\u00f3polis, na Zona Sul da cidade de S\u00e3o Paulo, na manh\u00e3 desta segunda-feira (17). O caso\u00a0ocorreu enquanto o candidato ao governo do estado, Tarc\u00edsio de Freitas (Republicanos), estava na comunidade.<\/p>\n","protected":false},"author":2,"featured_media":45244,"comment_status":"open","ping_status":"open","sticky":false,"template":"","format":"standard","meta":{"om_disable_all_campaigns":false,"_monsterinsights_skip_tracking":false,"_monsterinsights_sitenote_active":false,"_monsterinsights_sitenote_note":"","_monsterinsights_sitenote_category":0,"footnotes":""},"categories":[34,70,69,21,22],"tags":[100,71,48,4179,93,1607,75,4178,4180,3181,129,107,5661,1988,4181,132,230,3828,106,203,120,51,109,88,47,404,111,4202,190],"class_list":["post-45243","post","type-post","status-publish","format-standard","has-post-thumbnail","hentry","category-brasil","category-destaques","category-noticias2","category-politica","category-seguranca","tag-adustina","tag-antas","tag-araci","tag-banzae-2","tag-brasil","tag-candidato","tag-cicero-dantas","tag-cipo-2","tag-crisopolis-2","tag-eleicoes-2022","tag-euclides-da-cunha","tag-fatima","tag-favela-de-paraisopolis","tag-governo-do-estado","tag-heliopolis-2","tag-itapicuru","tag-jeremoabo","tag-noticias","tag-nova-soure","tag-novo-triunfo","tag-olindina","tag-paripiranga","tag-quijingue","tag-ribeira-do-amparo","tag-ribeira-do-pombal","tag-sao-paulo","tag-sitio-do-quinto","tag-tarcisio-de-freitas","tag-tucano"],"aioseo_notices":[],"_links":{"self":[{"href":"https:\/\/www.portalalerta.com.br\/index.php\/wp-json\/wp\/v2\/posts\/45243","targetHints":{"allow":["GET"]}}],"collection":[{"href":"https:\/\/www.portalalerta.com.br\/index.php\/wp-json\/wp\/v2\/posts"}],"about":[{"href":"https:\/\/www.portalalerta.com.br\/index.php\/wp-json\/wp\/v2\/types\/post"}],"author":[{"embeddable":true,"href":"https:\/\/www.portalalerta.com.br\/index.php\/wp-json\/wp\/v2\/users\/2"}],"replies":[{"embeddable":true,"href":"https:\/\/www.portalalerta.com.br\/index.php\/wp-json\/wp\/v2\/comments?post=45243"}],"version-history":[{"count":1,"href":"https:\/\/www.portalalerta.com.br\/index.php\/wp-json\/wp\/v2\/posts\/45243\/revisions"}],"predecessor-version":[{"id":45245,"href":"https:\/\/www.portalalerta.com.br\/index.php\/wp-json\/wp\/v2\/posts\/45243\/revisions\/45245"}],"wp:featuredmedia":[{"embeddable":true,"href":"https:\/\/www.portalalerta.com.br\/index.php\/wp-json\/wp\/v2\/media\/45244"}],"wp:attachment":[{"href":"https:\/\/www.portalalerta.com.br\/index.php\/wp-json\/wp\/v2\/media?parent=45243"}],"wp:term":[{"taxonomy":"category","embeddable":true,"href":"https:\/\/www.portalalerta.com.br\/index.php\/wp-json\/wp\/v2\/categories?post=45243"},{"taxonomy":"post_tag","embeddable":true,"href":"https:\/\/www.portalalerta.com.br\/index.php\/wp-json\/wp\/v2\/tags?post=45243"}],"curies":[{"name":"wp","href":"https:\/\/api.w.org\/{rel}","templated":true}]}}