{"id":45246,"date":"2022-10-17T20:00:00","date_gmt":"2022-10-17T23:00:00","guid":{"rendered":"https:\/\/www.portalalerta.com.br\/?p=45246"},"modified":"2022-10-17T18:01:40","modified_gmt":"2022-10-17T21:01:40","slug":"tse-nega-pedido-de-gabriel-monteiro-para-remover-propaganda-de-lula-que-o-chama-de-abusador-de-menor","status":"publish","type":"post","link":"https:\/\/www.portalalerta.com.br\/index.php\/2022\/10\/17\/tse-nega-pedido-de-gabriel-monteiro-para-remover-propaganda-de-lula-que-o-chama-de-abusador-de-menor\/","title":{"rendered":"TSE nega pedido de Gabriel Monteiro para remover propaganda de Lula que o chama de \u2018abusador de menor\u2019"},"content":{"rendered":"\n<p>O presidente do Tribunal Superior Eleitoral (TSE), o ministro Alexandre de Moraes, negou pedido do vereador cassado do Rio de Janeiro, Gabriel Monteiro, para retirada de propaganda veiculada pela campanha do presidente Luiz In\u00e1cio Lula da Silva (PT) o chama de \u201cabusador de menor\u201d.<\/p>\n\n\n\n<!--more-->\n\n\n\n<div class=\"wp-block-image\"><figure class=\"alignleft size-full is-resized\"><img fetchpriority=\"high\" decoding=\"async\" src=\"https:\/\/www.portalalerta.com.br\/wp-content\/uploads\/2021\/04\/ELAB.jpg\" alt=\"\" class=\"wp-image-34795\" width=\"380\" height=\"303\" srcset=\"https:\/\/www.portalalerta.com.br\/wp-content\/uploads\/2021\/04\/ELAB.jpg 1000w, https:\/\/www.portalalerta.com.br\/wp-content\/uploads\/2021\/04\/ELAB-300x240.jpg 300w, https:\/\/www.portalalerta.com.br\/wp-content\/uploads\/2021\/04\/ELAB-768x614.jpg 768w, https:\/\/www.portalalerta.com.br\/wp-content\/uploads\/2021\/04\/ELAB-183x146.jpg 183w, https:\/\/www.portalalerta.com.br\/wp-content\/uploads\/2021\/04\/ELAB-50x40.jpg 50w, https:\/\/www.portalalerta.com.br\/wp-content\/uploads\/2021\/04\/ELAB-94x75.jpg 94w\" sizes=\"(max-width: 380px) 100vw, 380px\" \/><\/figure><\/div>\n\n\n\n<p>A propaganda em quest\u00e3o foi veiculada na televis\u00e3o e relaciona o presidente Jair Bolsonaro a algumas pessoas que manifestaram apoio a ele, como Guilherme de P\u00e1dua, condenado pelo assassinato da atriz Daniella Perez, que hoje atua como pastor, o ex-goleiro Bruno, condenado pela morte da Eliza Samudio, e Gabriel Monteiro, acusado de importuna\u00e7\u00e3o e ass\u00e9dio sexual.<\/p>\n\n\n\n<p>No pedido, Monteiro argumenta que o v\u00eddeo propagava desinforma\u00e7\u00e3o \u201ccom o objetivo de apontar condutas criminosas a terceiros ligados direta ou indiretamente ao candidato opositor\u201d.<\/p>\n\n\n\n<p>O ministro Alexandre de Moraes n\u00e3o chegou a analisar o m\u00e9rito do pedido j\u00e1 que como o ex-vereador n\u00e3o \u00e9 candidato, n\u00e3o tem legitimidade para entrar com uma a\u00e7\u00e3o no TSE.<\/p>\n\n\n\n<p>Segundo resolu\u00e7\u00e3o do TSE, apenas partidos pol\u00edticos, federa\u00e7\u00e3o de partidos, coliga\u00e7\u00f5es, candidatas ou candidatos, assim como o Minist\u00e9rio P\u00fablico Eleitoral (MPE) podem entrar com representa\u00e7\u00f5es por propaganda eleitoral irregular.<\/p>\n\n\n\n<p><em>Fonte: Yahoo Not\u00edcias<\/em><\/p>\n","protected":false},"excerpt":{"rendered":"<p>O presidente do Tribunal Superior Eleitoral (TSE), o ministro Alexandre de Moraes, negou pedido do vereador cassado do Rio de Janeiro, Gabriel Monteiro, para retirada de propaganda veiculada pela campanha do presidente Luiz In\u00e1cio Lula da Silva (PT) o chama de \u201cabusador de menor\u201d.<\/p>\n","protected":false},"author":2,"featured_media":45247,"comment_status":"open","ping_status":"open","sticky":false,"template":"","format":"standard","meta":{"om_disable_all_campaigns":false,"_monsterinsights_skip_tracking":false,"_monsterinsights_sitenote_active":false,"_monsterinsights_sitenote_note":"","_monsterinsights_sitenote_category":0,"footnotes":""},"categories":[34,70,69,21],"tags":[5662,100,71,48,4179,93,75,4178,4180,129,107,5431,4181,132,230,303,3828,106,203,120,51,109,88,47,111,549,190],"class_list":["post-45246","post","type-post","status-publish","format-standard","has-post-thumbnail","hentry","category-brasil","category-destaques","category-noticias2","category-politica","tag-abusador-de-menor","tag-adustina","tag-antas","tag-araci","tag-banzae-2","tag-brasil","tag-cicero-dantas","tag-cipo-2","tag-crisopolis-2","tag-euclides-da-cunha","tag-fatima","tag-gabriel-monteiro","tag-heliopolis-2","tag-itapicuru","tag-jeremoabo","tag-lula","tag-noticias","tag-nova-soure","tag-novo-triunfo","tag-olindina","tag-paripiranga","tag-quijingue","tag-ribeira-do-amparo","tag-ribeira-do-pombal","tag-sitio-do-quinto","tag-tse","tag-tucano"],"aioseo_notices":[],"_links":{"self":[{"href":"https:\/\/www.portalalerta.com.br\/index.php\/wp-json\/wp\/v2\/posts\/45246","targetHints":{"allow":["GET"]}}],"collection":[{"href":"https:\/\/www.portalalerta.com.br\/index.php\/wp-json\/wp\/v2\/posts"}],"about":[{"href":"https:\/\/www.portalalerta.com.br\/index.php\/wp-json\/wp\/v2\/types\/post"}],"author":[{"embeddable":true,"href":"https:\/\/www.portalalerta.com.br\/index.php\/wp-json\/wp\/v2\/users\/2"}],"replies":[{"embeddable":true,"href":"https:\/\/www.portalalerta.com.br\/index.php\/wp-json\/wp\/v2\/comments?post=45246"}],"version-history":[{"count":1,"href":"https:\/\/www.portalalerta.com.br\/index.php\/wp-json\/wp\/v2\/posts\/45246\/revisions"}],"predecessor-version":[{"id":45248,"href":"https:\/\/www.portalalerta.com.br\/index.php\/wp-json\/wp\/v2\/posts\/45246\/revisions\/45248"}],"wp:featuredmedia":[{"embeddable":true,"href":"https:\/\/www.portalalerta.com.br\/index.php\/wp-json\/wp\/v2\/media\/45247"}],"wp:attachment":[{"href":"https:\/\/www.portalalerta.com.br\/index.php\/wp-json\/wp\/v2\/media?parent=45246"}],"wp:term":[{"taxonomy":"category","embeddable":true,"href":"https:\/\/www.portalalerta.com.br\/index.php\/wp-json\/wp\/v2\/categories?post=45246"},{"taxonomy":"post_tag","embeddable":true,"href":"https:\/\/www.portalalerta.com.br\/index.php\/wp-json\/wp\/v2\/tags?post=45246"}],"curies":[{"name":"wp","href":"https:\/\/api.w.org\/{rel}","templated":true}]}}