{"id":45252,"date":"2022-10-17T20:02:00","date_gmt":"2022-10-17T23:02:00","guid":{"rendered":"https:\/\/www.portalalerta.com.br\/?p=45252"},"modified":"2022-10-17T18:17:16","modified_gmt":"2022-10-17T21:17:16","slug":"valmir-de-francisquinho-do-pl-tem-acao-negada-para-participar-do-2o-turno-das-eleicoes-em-sergipe","status":"publish","type":"post","link":"https:\/\/www.portalalerta.com.br\/index.php\/2022\/10\/17\/valmir-de-francisquinho-do-pl-tem-acao-negada-para-participar-do-2o-turno-das-eleicoes-em-sergipe\/","title":{"rendered":"Valmir de Francisquinho, do PL, tem a\u00e7\u00e3o negada para participar do 2\u00ba turno das elei\u00e7\u00f5es em Sergipe"},"content":{"rendered":"\n<p><strong>O pedido tinha como base a nova decis\u00e3o da a\u00e7\u00e3o de investiga\u00e7\u00e3o judicial eleitoral, que afastou a causa de inelegibilidade contra o pol\u00edtico.<\/strong><\/p>\n\n\n\n<!--more-->\n\n\n\n<p>Neste domingo (16), o ministro do Tribunal Superior Eleitoral (TSE), Ricardo Lewandowski negou a\u00a0a\u00e7\u00e3o rescis\u00f3ria eleitoral para anular a impugna\u00e7\u00e3o de registro\u00a0de candidatura de Valmir de Francisquinho ao governo de Sergipe.<\/p>\n\n\n\n<div class=\"wp-block-image\"><figure class=\"alignleft size-full is-resized\"><img fetchpriority=\"high\" decoding=\"async\" src=\"https:\/\/www.portalalerta.com.br\/wp-content\/uploads\/2022\/03\/Cred-Real.1.jpg\" alt=\"\" class=\"wp-image-41523\" width=\"415\" height=\"332\" srcset=\"https:\/\/www.portalalerta.com.br\/wp-content\/uploads\/2022\/03\/Cred-Real.1.jpg 500w, https:\/\/www.portalalerta.com.br\/wp-content\/uploads\/2022\/03\/Cred-Real.1-300x240.jpg 300w, https:\/\/www.portalalerta.com.br\/wp-content\/uploads\/2022\/03\/Cred-Real.1-183x146.jpg 183w, https:\/\/www.portalalerta.com.br\/wp-content\/uploads\/2022\/03\/Cred-Real.1-50x40.jpg 50w, https:\/\/www.portalalerta.com.br\/wp-content\/uploads\/2022\/03\/Cred-Real.1-94x75.jpg 94w\" sizes=\"(max-width: 415px) 100vw, 415px\" \/><\/figure><\/div>\n\n\n\n<p>O pedido havia sido feito pela defesa do pol\u00edtico, tendo como base a nova decis\u00e3o da a\u00e7\u00e3o de investiga\u00e7\u00e3o judicial eleitoral, que\u00a0afastou a causa de inelegibilidade contra Valmir. A defesa pedia um novo julgamento do registro de candidatura e, consequentemente, a valida\u00e7\u00e3o dos\u00a0457.922 votos que foram atribu\u00eddos a Valmir\u00a0no primeiro turno das elei\u00e7\u00f5es 2022.<\/p>\n\n\n\n<p>Em sua decis\u00e3o, entre outras coisas, o ministro citou que o ac\u00f3rd\u00e3o que afastou a inelegibilidade do ent\u00e3o candidato n\u00e3o existia, por completo, na\u00a0ocasi\u00e3o do julgamento do registro da candidatura.<\/p>\n\n\n\n<p>Al\u00e9m disso, o texto da decis\u00e3o tamb\u00e9m contextualizou que: \u201c o Estado de Sergipe encontra-se em pleno andamento, por for\u00e7a da aplica\u00e7\u00e3o do art. 17, da Res.-TSE n\u00b0 23.677\/2021, n\u00e3o se podendo cogitar, a esta altura do pleito, de altera\u00e7\u00e3o do quadro da disputa, j\u00e1 consolidado quanto aos candidatos legalmente aptos a disputar a Governan\u00e7a\u201d.<\/p>\n\n\n\n<p><strong>Entenda o caso<\/strong><\/p>\n\n\n\n<ul class=\"wp-block-list\"><li><strong>2019\u00a0<\/strong>\u2013 Em agosto de 2019 o deputado estadual Talysson Barbosa Costa, o Talysson de Valmir (PR), e o prefeito de Itabaiana Valmir de Francisquinho (PR) foram condenados por abuso de poder e uso da m\u00e1quina administrativa da Prefeitura de Itabaiana nas Elei\u00e7\u00f5es 2018. A partir desta decis\u00e3o os dois ficaram ineleg\u00edveis por oito anos.<\/li><li><strong>2022\u00a0<\/strong>\u2013 Em agosto deste ano, o\u00a0PL\u00a0lan\u00e7ou oficialmente o nome de Valmir de Francisquinho para concorrer ao governo de Sergipe, mesmo estando ineleg\u00edvel. Enquanto isso, o registro da candidatura dele ainda seria julgado pelo Tribunal Regional Eleitoral (TRE), como acontece com todos os candidatos.<\/li><li><strong>Em setembro de 2022,<\/strong>\u00a0o Tribunal Regional Eleitoral (TRE) indeferiu o registro de candidatura de Valmir ao governo de Sergipe, levando em considera\u00e7\u00e3o a decis\u00e3o do processo que o deixou ineleg\u00edvel.<\/li><li><strong>20 dias depois da decis\u00e3o do TRE,\u00a0<\/strong>o Tribunal Superior Eleitoral (TSE) manteve o indeferimento da candidatura, entendendo que Valmir j\u00e1 havia sido condenado por abuso de poder pol\u00edtico e econ\u00f4mico e estava ineleg\u00edvel. Sendo assim, este processo foi esgotado em todas as inst\u00e2ncias e Valmir ficou fora da elei\u00e7\u00e3o.<\/li><li><strong>Na quinta-feira (13)<\/strong>, o Tribunal Superior Eleitoral (TSE) julgou os embargos de declara\u00e7\u00e3o do processo inicial que deixou Valmir de Francisquinho e Talysson ineleg\u00edveis. Ap\u00f3s julgarem os embargos, por maioria, os ministros entenderam que a decis\u00e3o poderia ser revertida. Desta forma, Talysson e Valmir voltam a ficar eleg\u00edveis para pr\u00f3ximas elei\u00e7\u00f5es.<\/li><li><strong>Na tarde deste s\u00e1bado (15)<\/strong>, a defesa de Valmir de Francisquinho, do PL, protocolou uma a\u00e7\u00e3o rescis\u00f3ria eleitoral para anular a impugna\u00e7\u00e3o de registro de candidatura ao governo de Sergipe, que tramitou no Tribunal Superior Eleitoral (TSE).<\/li><\/ul>\n\n\n\n<p>Fonte: G1<\/p>\n","protected":false},"excerpt":{"rendered":"<p>O pedido tinha como base a nova decis\u00e3o da a\u00e7\u00e3o de investiga\u00e7\u00e3o judicial eleitoral, que afastou a causa de inelegibilidade contra o pol\u00edtico.<\/p>\n","protected":false},"author":2,"featured_media":12017,"comment_status":"open","ping_status":"open","sticky":false,"template":"","format":"standard","meta":{"om_disable_all_campaigns":false,"_monsterinsights_skip_tracking":false,"_monsterinsights_sitenote_active":false,"_monsterinsights_sitenote_note":"","_monsterinsights_sitenote_category":0,"footnotes":""},"categories":[34,70,69,21],"tags":[100,71,48,4179,93,75,4178,4180,3181,129,107,4181,132,230,3828,106,203,120,51,109,88,47,114,111,190,1837],"class_list":["post-45252","post","type-post","status-publish","format-standard","has-post-thumbnail","hentry","category-brasil","category-destaques","category-noticias2","category-politica","tag-adustina","tag-antas","tag-araci","tag-banzae-2","tag-brasil","tag-cicero-dantas","tag-cipo-2","tag-crisopolis-2","tag-eleicoes-2022","tag-euclides-da-cunha","tag-fatima","tag-heliopolis-2","tag-itapicuru","tag-jeremoabo","tag-noticias","tag-nova-soure","tag-novo-triunfo","tag-olindina","tag-paripiranga","tag-quijingue","tag-ribeira-do-amparo","tag-ribeira-do-pombal","tag-sergipe","tag-sitio-do-quinto","tag-tucano","tag-valmir-de-francisquinho"],"aioseo_notices":[],"_links":{"self":[{"href":"https:\/\/www.portalalerta.com.br\/index.php\/wp-json\/wp\/v2\/posts\/45252","targetHints":{"allow":["GET"]}}],"collection":[{"href":"https:\/\/www.portalalerta.com.br\/index.php\/wp-json\/wp\/v2\/posts"}],"about":[{"href":"https:\/\/www.portalalerta.com.br\/index.php\/wp-json\/wp\/v2\/types\/post"}],"author":[{"embeddable":true,"href":"https:\/\/www.portalalerta.com.br\/index.php\/wp-json\/wp\/v2\/users\/2"}],"replies":[{"embeddable":true,"href":"https:\/\/www.portalalerta.com.br\/index.php\/wp-json\/wp\/v2\/comments?post=45252"}],"version-history":[{"count":1,"href":"https:\/\/www.portalalerta.com.br\/index.php\/wp-json\/wp\/v2\/posts\/45252\/revisions"}],"predecessor-version":[{"id":45253,"href":"https:\/\/www.portalalerta.com.br\/index.php\/wp-json\/wp\/v2\/posts\/45252\/revisions\/45253"}],"wp:featuredmedia":[{"embeddable":true,"href":"https:\/\/www.portalalerta.com.br\/index.php\/wp-json\/wp\/v2\/media\/12017"}],"wp:attachment":[{"href":"https:\/\/www.portalalerta.com.br\/index.php\/wp-json\/wp\/v2\/media?parent=45252"}],"wp:term":[{"taxonomy":"category","embeddable":true,"href":"https:\/\/www.portalalerta.com.br\/index.php\/wp-json\/wp\/v2\/categories?post=45252"},{"taxonomy":"post_tag","embeddable":true,"href":"https:\/\/www.portalalerta.com.br\/index.php\/wp-json\/wp\/v2\/tags?post=45252"}],"curies":[{"name":"wp","href":"https:\/\/api.w.org\/{rel}","templated":true}]}}