{"id":45257,"date":"2022-10-18T11:24:28","date_gmt":"2022-10-18T14:24:28","guid":{"rendered":"https:\/\/www.portalalerta.com.br\/?p=45257"},"modified":"2022-10-18T11:24:29","modified_gmt":"2022-10-18T14:24:29","slug":"jovem-que-estava-desaparecido-apos-festa-de-outubro-em-ribeira-do-pombal-ba-ja-retornou-para-casa","status":"publish","type":"post","link":"https:\/\/www.portalalerta.com.br\/index.php\/2022\/10\/18\/jovem-que-estava-desaparecido-apos-festa-de-outubro-em-ribeira-do-pombal-ba-ja-retornou-para-casa\/","title":{"rendered":"Jovem que estava desaparecido ap\u00f3s festa de outubro em Ribeira do Pombal-BA, j\u00e1 retornou para casa!"},"content":{"rendered":"\n<p>O jovem Renan, que estava sendo considerado por familiares, como desaparecido, j\u00e1 est\u00e1 em casa.<\/p>\n\n\n\n<!--more-->\n\n\n\n<p>A fam\u00edlia passou a se desesperar, ap\u00f3s o jovem ter sa\u00eddo de casa na noite de domingo (16), para o Est\u00e1dio Ferreira Brito, onde acontecia o evento \u201cFESTA DE OUTUBRO\u201d, e mesmo ap\u00f3s a festa n\u00e3o retornou para casa, muito menos manteve contato com os familiares. <strong><a href=\"https:\/\/www.portalalerta.com.br\/index.php\/2022\/10\/17\/familia-procura-por-jovem-que-teria-ido-a-festa-em-ribeira-do-pombal-ba-e-desde-entao-esta-desaparecido\/\">Relembre<\/a><\/strong><\/p>\n\n\n\n<div class=\"wp-block-image\"><figure class=\"alignleft size-full is-resized\"><img fetchpriority=\"high\" decoding=\"async\" src=\"https:\/\/www.portalalerta.com.br\/wp-content\/uploads\/2021\/04\/ELAB.jpg\" alt=\"\" class=\"wp-image-34795\" width=\"400\" height=\"319\" srcset=\"https:\/\/www.portalalerta.com.br\/wp-content\/uploads\/2021\/04\/ELAB.jpg 1000w, https:\/\/www.portalalerta.com.br\/wp-content\/uploads\/2021\/04\/ELAB-300x240.jpg 300w, https:\/\/www.portalalerta.com.br\/wp-content\/uploads\/2021\/04\/ELAB-768x614.jpg 768w, https:\/\/www.portalalerta.com.br\/wp-content\/uploads\/2021\/04\/ELAB-183x146.jpg 183w, https:\/\/www.portalalerta.com.br\/wp-content\/uploads\/2021\/04\/ELAB-50x40.jpg 50w, https:\/\/www.portalalerta.com.br\/wp-content\/uploads\/2021\/04\/ELAB-94x75.jpg 94w\" sizes=\"(max-width: 400px) 100vw, 400px\" \/><\/figure><\/div>\n\n\n\n<p>Ap\u00f3s a divulga\u00e7\u00e3o da informa\u00e7\u00e3o neste canal de not\u00edcias, os familiares afirmaram que Renan j\u00e1 retornou para o seio familiar, alegando que estaria na resid\u00eancia de uma amiga, justificando a falta de contato, o fato de est\u00e1 sem o aparelho celular.<\/p>\n\n\n\n<p><em>Reda\u00e7\u00e3o: Portal Alerta&nbsp;<\/em><\/p>\n","protected":false},"excerpt":{"rendered":"<p>O jovem Renan, que estava sendo considerado por familiares, como desaparecido, j\u00e1 est\u00e1 em casa.<\/p>\n","protected":false},"author":2,"featured_media":45241,"comment_status":"open","ping_status":"open","sticky":false,"template":"","format":"standard","meta":{"om_disable_all_campaigns":false,"_monsterinsights_skip_tracking":false,"_monsterinsights_sitenote_active":false,"_monsterinsights_sitenote_note":"","_monsterinsights_sitenote_category":0,"footnotes":""},"categories":[70,69,32,3],"tags":[1226,47],"class_list":["post-45257","post","type-post","status-publish","format-standard","has-post-thumbnail","hentry","category-destaques","category-noticias2","category-regiao","category-ribeira-do-pombal","tag-desaparecido","tag-ribeira-do-pombal"],"aioseo_notices":[],"_links":{"self":[{"href":"https:\/\/www.portalalerta.com.br\/index.php\/wp-json\/wp\/v2\/posts\/45257","targetHints":{"allow":["GET"]}}],"collection":[{"href":"https:\/\/www.portalalerta.com.br\/index.php\/wp-json\/wp\/v2\/posts"}],"about":[{"href":"https:\/\/www.portalalerta.com.br\/index.php\/wp-json\/wp\/v2\/types\/post"}],"author":[{"embeddable":true,"href":"https:\/\/www.portalalerta.com.br\/index.php\/wp-json\/wp\/v2\/users\/2"}],"replies":[{"embeddable":true,"href":"https:\/\/www.portalalerta.com.br\/index.php\/wp-json\/wp\/v2\/comments?post=45257"}],"version-history":[{"count":1,"href":"https:\/\/www.portalalerta.com.br\/index.php\/wp-json\/wp\/v2\/posts\/45257\/revisions"}],"predecessor-version":[{"id":45258,"href":"https:\/\/www.portalalerta.com.br\/index.php\/wp-json\/wp\/v2\/posts\/45257\/revisions\/45258"}],"wp:featuredmedia":[{"embeddable":true,"href":"https:\/\/www.portalalerta.com.br\/index.php\/wp-json\/wp\/v2\/media\/45241"}],"wp:attachment":[{"href":"https:\/\/www.portalalerta.com.br\/index.php\/wp-json\/wp\/v2\/media?parent=45257"}],"wp:term":[{"taxonomy":"category","embeddable":true,"href":"https:\/\/www.portalalerta.com.br\/index.php\/wp-json\/wp\/v2\/categories?post=45257"},{"taxonomy":"post_tag","embeddable":true,"href":"https:\/\/www.portalalerta.com.br\/index.php\/wp-json\/wp\/v2\/tags?post=45257"}],"curies":[{"name":"wp","href":"https:\/\/api.w.org\/{rel}","templated":true}]}}