{"id":45259,"date":"2022-10-18T11:27:58","date_gmt":"2022-10-18T14:27:58","guid":{"rendered":"https:\/\/www.portalalerta.com.br\/?p=45259"},"modified":"2022-10-18T11:27:59","modified_gmt":"2022-10-18T14:27:59","slug":"depoimento-de-neymar-em-caso-de-fraude-fiscal-e-antecipado-para-esta-terca-feira","status":"publish","type":"post","link":"https:\/\/www.portalalerta.com.br\/index.php\/2022\/10\/18\/depoimento-de-neymar-em-caso-de-fraude-fiscal-e-antecipado-para-esta-terca-feira\/","title":{"rendered":"Depoimento de Neymar em caso de fraude fiscal \u00e9 antecipado para esta ter\u00e7a-feira"},"content":{"rendered":"\n<p>Na segunda-feira (17), o jogador chegou a comparecer ao tribunal, mas foi liberado mais cedo por cansa\u00e7o<\/p>\n\n\n\n<!--more-->\n\n\n\n<p>Neymar vai prestar depoimento nesta ter\u00e7a-feira (18), na Espanha, sobre o caso de acusa\u00e7\u00f5es de corrup\u00e7\u00e3o e fraude em sua transfer\u00eancia do Santos para o Barcelona, em 2013. O depoimento, inicialmente previsto sexta-feira (21), foi antecipado para n\u00e3o conflitar com a agenda de jogos do atacante.<\/p>\n\n\n\n<div class=\"wp-block-image\"><figure class=\"aligncenter size-full\"><img fetchpriority=\"high\" decoding=\"async\" width=\"720\" height=\"181\" src=\"https:\/\/www.portalalerta.com.br\/wp-content\/uploads\/2018\/02\/Auto-Escola-Nobre.jpg\" alt=\"\" class=\"wp-image-4869\" srcset=\"https:\/\/www.portalalerta.com.br\/wp-content\/uploads\/2018\/02\/Auto-Escola-Nobre.jpg 720w, https:\/\/www.portalalerta.com.br\/wp-content\/uploads\/2018\/02\/Auto-Escola-Nobre-260x65.jpg 260w, https:\/\/www.portalalerta.com.br\/wp-content\/uploads\/2018\/02\/Auto-Escola-Nobre-50x13.jpg 50w, https:\/\/www.portalalerta.com.br\/wp-content\/uploads\/2018\/02\/Auto-Escola-Nobre-150x38.jpg 150w\" sizes=\"(max-width: 720px) 100vw, 720px\" \/><\/figure><\/div>\n\n\n\n<p>O julgamento come\u00e7ou na \u00faltima segunda-feira (17) e deve se estender at\u00e9 o fim do m\u00eas. Neymar chegou a comparecer ao tribunal, mas foi dispensado pelo juiz ap\u00f3s sua defesa alegar que o atacante necessitava de descanso j\u00e1 que havia disputado uma partida no \u00faltimo domingo (16), na Fran\u00e7a.<\/p>\n\n\n\n<p>Neymar e seu pai s\u00e3o acusados de corrup\u00e7\u00e3o e fraude pelo Grupo DIS, que detinha 40% dos direitos econ\u00f4micos do atleta quando ele saiu do Santos rumo ao Barcelona.&nbsp;<br>A venda foi anunciada por 17,1 milh\u00f5es de euros e o grupo recebeu cerca de 6,84 milh\u00f5es de euros.<\/p>\n\n\n\n<p>O Barcelona, no entanto, informou depois que o valor real da transa\u00e7\u00e3o foi de 57 milh\u00f5es de euros. A diferen\u00e7a, quase 40 milh\u00f5es de euros, foi depositada para a empresa N&amp;N, em nome dos pais do atleta.<\/p>\n\n\n\n<p><em>Fonte: Metro1<\/em><\/p>\n","protected":false},"excerpt":{"rendered":"<p>Na segunda-feira (17), o jogador chegou a comparecer ao tribunal, mas foi liberado mais cedo por cansa\u00e7o<\/p>\n","protected":false},"author":2,"featured_media":17449,"comment_status":"open","ping_status":"open","sticky":false,"template":"","format":"standard","meta":{"om_disable_all_campaigns":false,"_monsterinsights_skip_tracking":false,"_monsterinsights_sitenote_active":false,"_monsterinsights_sitenote_note":"","_monsterinsights_sitenote_category":0,"footnotes":""},"categories":[70,2,35,69],"tags":[899,302,339,2923],"class_list":["post-45259","post","type-post","status-publish","format-standard","has-post-thumbnail","hentry","category-destaques","category-esportes","category-mundo","category-noticias2","tag-espanha","tag-julgamento","tag-mundo","tag-neymar"],"aioseo_notices":[],"_links":{"self":[{"href":"https:\/\/www.portalalerta.com.br\/index.php\/wp-json\/wp\/v2\/posts\/45259","targetHints":{"allow":["GET"]}}],"collection":[{"href":"https:\/\/www.portalalerta.com.br\/index.php\/wp-json\/wp\/v2\/posts"}],"about":[{"href":"https:\/\/www.portalalerta.com.br\/index.php\/wp-json\/wp\/v2\/types\/post"}],"author":[{"embeddable":true,"href":"https:\/\/www.portalalerta.com.br\/index.php\/wp-json\/wp\/v2\/users\/2"}],"replies":[{"embeddable":true,"href":"https:\/\/www.portalalerta.com.br\/index.php\/wp-json\/wp\/v2\/comments?post=45259"}],"version-history":[{"count":1,"href":"https:\/\/www.portalalerta.com.br\/index.php\/wp-json\/wp\/v2\/posts\/45259\/revisions"}],"predecessor-version":[{"id":45260,"href":"https:\/\/www.portalalerta.com.br\/index.php\/wp-json\/wp\/v2\/posts\/45259\/revisions\/45260"}],"wp:featuredmedia":[{"embeddable":true,"href":"https:\/\/www.portalalerta.com.br\/index.php\/wp-json\/wp\/v2\/media\/17449"}],"wp:attachment":[{"href":"https:\/\/www.portalalerta.com.br\/index.php\/wp-json\/wp\/v2\/media?parent=45259"}],"wp:term":[{"taxonomy":"category","embeddable":true,"href":"https:\/\/www.portalalerta.com.br\/index.php\/wp-json\/wp\/v2\/categories?post=45259"},{"taxonomy":"post_tag","embeddable":true,"href":"https:\/\/www.portalalerta.com.br\/index.php\/wp-json\/wp\/v2\/tags?post=45259"}],"curies":[{"name":"wp","href":"https:\/\/api.w.org\/{rel}","templated":true}]}}