{"id":45332,"date":"2022-10-24T08:00:00","date_gmt":"2022-10-24T11:00:00","guid":{"rendered":"https:\/\/www.portalalerta.com.br\/?p=45332"},"modified":"2022-10-23T21:37:04","modified_gmt":"2022-10-24T00:37:04","slug":"duas-pessoas-ficaram-feridas-apos-serem-esfaqueadas-em-adustina-ba","status":"publish","type":"post","link":"https:\/\/www.portalalerta.com.br\/index.php\/2022\/10\/24\/duas-pessoas-ficaram-feridas-apos-serem-esfaqueadas-em-adustina-ba\/","title":{"rendered":"Duas pessoas ficaram feridas ap\u00f3s serem esfaqueadas em Adustina-BA"},"content":{"rendered":"\n<p>Na noite da \u00faltima sexta-feira (21), dois homens deram entrada na Emerg\u00eancia do Hospital Maria dos Santos Almeida, em Adustina-BA, apresentando ferimentos causados por golpes de faca.<\/p>\n\n\n\n<!--more-->\n\n\n\n<div class=\"wp-block-image\"><figure class=\"alignleft size-full is-resized\"><img fetchpriority=\"high\" decoding=\"async\" src=\"https:\/\/www.portalalerta.com.br\/wp-content\/uploads\/2022\/03\/Cred-Real.1.jpg\" alt=\"\" class=\"wp-image-41523\" width=\"388\" height=\"310\" srcset=\"https:\/\/www.portalalerta.com.br\/wp-content\/uploads\/2022\/03\/Cred-Real.1.jpg 500w, https:\/\/www.portalalerta.com.br\/wp-content\/uploads\/2022\/03\/Cred-Real.1-300x240.jpg 300w, https:\/\/www.portalalerta.com.br\/wp-content\/uploads\/2022\/03\/Cred-Real.1-183x146.jpg 183w, https:\/\/www.portalalerta.com.br\/wp-content\/uploads\/2022\/03\/Cred-Real.1-50x40.jpg 50w, https:\/\/www.portalalerta.com.br\/wp-content\/uploads\/2022\/03\/Cred-Real.1-94x75.jpg 94w\" sizes=\"(max-width: 388px) 100vw, 388px\" \/><\/figure><\/div>\n\n\n\n<p>De acordo com informa\u00e7\u00f5es, tanto o autor quanto as v\u00edtimas estavam num bar situado no povoado S\u00edtio da Concei\u00e7\u00e3o, no referido munic\u00edpio, quando foram atingidos pelos golpes. Ainda segundo relatos, o autor identificado pelo prenome Dorival, teria quebrado algumas garrafas no estabelecimento, e na sequ\u00eancia atingiu as duas v\u00edtimas, sendo que B.S de J, foi ferido no ombro direito, e M de J.S sofreu um corte superficial no bra\u00e7o direito.<\/p>\n\n\n\n<p>At\u00e9 o fechamento desta mat\u00e9ria, n\u00e3o houve relatos da poss\u00edvel pris\u00e3o do autor.<\/p>\n\n\n\n<p><em>Reda\u00e7\u00e3o: Portal Alerta<\/em><\/p>\n","protected":false},"excerpt":{"rendered":"<p>Na noite da \u00faltima sexta-feira (21), dois homens deram entrada na Emerg\u00eancia do Hospital Maria dos Santos Almeida, em Adustina-BA, apresentando ferimentos causados por golpes de faca.<\/p>\n","protected":false},"author":2,"featured_media":4232,"comment_status":"open","ping_status":"open","sticky":false,"template":"","format":"standard","meta":{"om_disable_all_campaigns":false,"_monsterinsights_skip_tracking":false,"_monsterinsights_sitenote_active":false,"_monsterinsights_sitenote_note":"","_monsterinsights_sitenote_category":0,"footnotes":""},"categories":[40,70,69,32,22],"tags":[100,3450,393,5669],"class_list":["post-45332","post","type-post","status-publish","format-standard","has-post-thumbnail","hentry","category-adustina","category-destaques","category-noticias2","category-regiao","category-seguranca","tag-adustina","tag-facadas","tag-feridos","tag-lesoes-corporais"],"aioseo_notices":[],"_links":{"self":[{"href":"https:\/\/www.portalalerta.com.br\/index.php\/wp-json\/wp\/v2\/posts\/45332","targetHints":{"allow":["GET"]}}],"collection":[{"href":"https:\/\/www.portalalerta.com.br\/index.php\/wp-json\/wp\/v2\/posts"}],"about":[{"href":"https:\/\/www.portalalerta.com.br\/index.php\/wp-json\/wp\/v2\/types\/post"}],"author":[{"embeddable":true,"href":"https:\/\/www.portalalerta.com.br\/index.php\/wp-json\/wp\/v2\/users\/2"}],"replies":[{"embeddable":true,"href":"https:\/\/www.portalalerta.com.br\/index.php\/wp-json\/wp\/v2\/comments?post=45332"}],"version-history":[{"count":1,"href":"https:\/\/www.portalalerta.com.br\/index.php\/wp-json\/wp\/v2\/posts\/45332\/revisions"}],"predecessor-version":[{"id":45333,"href":"https:\/\/www.portalalerta.com.br\/index.php\/wp-json\/wp\/v2\/posts\/45332\/revisions\/45333"}],"wp:featuredmedia":[{"embeddable":true,"href":"https:\/\/www.portalalerta.com.br\/index.php\/wp-json\/wp\/v2\/media\/4232"}],"wp:attachment":[{"href":"https:\/\/www.portalalerta.com.br\/index.php\/wp-json\/wp\/v2\/media?parent=45332"}],"wp:term":[{"taxonomy":"category","embeddable":true,"href":"https:\/\/www.portalalerta.com.br\/index.php\/wp-json\/wp\/v2\/categories?post=45332"},{"taxonomy":"post_tag","embeddable":true,"href":"https:\/\/www.portalalerta.com.br\/index.php\/wp-json\/wp\/v2\/tags?post=45332"}],"curies":[{"name":"wp","href":"https:\/\/api.w.org\/{rel}","templated":true}]}}