{"id":45389,"date":"2022-10-25T19:35:48","date_gmt":"2022-10-25T22:35:48","guid":{"rendered":"https:\/\/www.portalalerta.com.br\/?p=45389"},"modified":"2022-10-25T19:35:49","modified_gmt":"2022-10-25T22:35:49","slug":"homem-e-baleado-durante-tentativa-de-assalto-em-ribeira-do-pombal-ba","status":"publish","type":"post","link":"https:\/\/www.portalalerta.com.br\/index.php\/2022\/10\/25\/homem-e-baleado-durante-tentativa-de-assalto-em-ribeira-do-pombal-ba\/","title":{"rendered":"Homem \u00e9 baleado durante tentativa de assalto, em Ribeira do Pombal-BA"},"content":{"rendered":"\n<p>Por volta das 19:30hs de segunda-feira (24), um homem foi alvejado na perna por um disparo de arma de fogo, quando transitava pelo bairro Jo\u00e3o do Alto, em Ribeira do Pombal-BA.<\/p>\n\n\n\n<!--more-->\n\n\n\n<p>De acordo com a v\u00edtima, identificada pelas iniciais C.S.S, 27 anos, dois criminosos tentaram roubar sua motocicleta, momento em que efetuaram um disparo, que o atingiu, o deixando ferido, por\u00e9m n\u00e3o subtra\u00edram o bem.<\/p>\n\n\n\n<p>Ainda segundo relatos, policiais da cidade foram informados sobre o ocorrido, decidindo realizar buscas na regi\u00e3o, por\u00e9m os criminosos n\u00e3o foram encontrados.<\/p>\n\n\n\n<p>A v\u00edtima n\u00e3o corre risco de morte. &nbsp;<\/p>\n\n\n\n<p><em>Reda\u00e7\u00e3o: Portal Alerta<\/em><\/p>\n","protected":false},"excerpt":{"rendered":"<p>Por volta das 19:30hs de segunda-feira (24), um homem foi alvejado na perna por um disparo de arma de fogo, quando transitava pelo bairro Jo\u00e3o do Alto, em Ribeira do Pombal-BA.<\/p>\n","protected":false},"author":2,"featured_media":5698,"comment_status":"open","ping_status":"open","sticky":false,"template":"","format":"standard","meta":{"om_disable_all_campaigns":false,"_monsterinsights_skip_tracking":false,"_monsterinsights_sitenote_active":false,"_monsterinsights_sitenote_note":"","_monsterinsights_sitenote_category":0,"footnotes":""},"categories":[70,69,32,3,22],"tags":[128,299,47,501],"class_list":["post-45389","post","type-post","status-publish","format-standard","has-post-thumbnail","hentry","category-destaques","category-noticias2","category-regiao","category-ribeira-do-pombal","category-seguranca","tag-disparo-de-arma-de-fogo","tag-ferido","tag-ribeira-do-pombal","tag-tentativa-de-assalto"],"aioseo_notices":[],"_links":{"self":[{"href":"https:\/\/www.portalalerta.com.br\/index.php\/wp-json\/wp\/v2\/posts\/45389","targetHints":{"allow":["GET"]}}],"collection":[{"href":"https:\/\/www.portalalerta.com.br\/index.php\/wp-json\/wp\/v2\/posts"}],"about":[{"href":"https:\/\/www.portalalerta.com.br\/index.php\/wp-json\/wp\/v2\/types\/post"}],"author":[{"embeddable":true,"href":"https:\/\/www.portalalerta.com.br\/index.php\/wp-json\/wp\/v2\/users\/2"}],"replies":[{"embeddable":true,"href":"https:\/\/www.portalalerta.com.br\/index.php\/wp-json\/wp\/v2\/comments?post=45389"}],"version-history":[{"count":1,"href":"https:\/\/www.portalalerta.com.br\/index.php\/wp-json\/wp\/v2\/posts\/45389\/revisions"}],"predecessor-version":[{"id":45390,"href":"https:\/\/www.portalalerta.com.br\/index.php\/wp-json\/wp\/v2\/posts\/45389\/revisions\/45390"}],"wp:featuredmedia":[{"embeddable":true,"href":"https:\/\/www.portalalerta.com.br\/index.php\/wp-json\/wp\/v2\/media\/5698"}],"wp:attachment":[{"href":"https:\/\/www.portalalerta.com.br\/index.php\/wp-json\/wp\/v2\/media?parent=45389"}],"wp:term":[{"taxonomy":"category","embeddable":true,"href":"https:\/\/www.portalalerta.com.br\/index.php\/wp-json\/wp\/v2\/categories?post=45389"},{"taxonomy":"post_tag","embeddable":true,"href":"https:\/\/www.portalalerta.com.br\/index.php\/wp-json\/wp\/v2\/tags?post=45389"}],"curies":[{"name":"wp","href":"https:\/\/api.w.org\/{rel}","templated":true}]}}