{"id":45391,"date":"2022-10-25T19:44:05","date_gmt":"2022-10-25T22:44:05","guid":{"rendered":"https:\/\/www.portalalerta.com.br\/?p=45391"},"modified":"2022-10-25T19:44:06","modified_gmt":"2022-10-25T22:44:06","slug":"agentes-da-pf-atingidos-por-roberto-jefferson-tem-estilhacos-de-granada-no-cranio-e-no-quadril","status":"publish","type":"post","link":"https:\/\/www.portalalerta.com.br\/index.php\/2022\/10\/25\/agentes-da-pf-atingidos-por-roberto-jefferson-tem-estilhacos-de-granada-no-cranio-e-no-quadril\/","title":{"rendered":"Agentes da PF atingidos por Roberto Jefferson t\u00eam estilha\u00e7os de granada no cr\u00e2nio e no quadril"},"content":{"rendered":"\n<p>Al\u00e9m de se ferir com os estilha\u00e7os, uma policial tamb\u00e9m precisou levar pontos por conta de ferimentos no rosto e na coxa<\/p>\n\n\n\n<!--more-->\n\n\n\n<p>Os laudos m\u00e9dicos da dupla de policiais federais, alvo dos disparos feitos pelo ex-deputado Roberto Jefferson, demonstram que ambos foram atingidos por estilha\u00e7os de granada em locais sens\u00edveis do corpo &#8211; um ficou ferido no quadril, e outro no cr\u00e2nio.<\/p>\n\n\n\n<div class=\"wp-block-image\"><figure class=\"alignleft size-full is-resized\"><img fetchpriority=\"high\" decoding=\"async\" src=\"https:\/\/www.portalalerta.com.br\/wp-content\/uploads\/2021\/04\/ELAB.jpg\" alt=\"\" class=\"wp-image-34795\" width=\"398\" height=\"318\" srcset=\"https:\/\/www.portalalerta.com.br\/wp-content\/uploads\/2021\/04\/ELAB.jpg 1000w, https:\/\/www.portalalerta.com.br\/wp-content\/uploads\/2021\/04\/ELAB-300x240.jpg 300w, https:\/\/www.portalalerta.com.br\/wp-content\/uploads\/2021\/04\/ELAB-768x614.jpg 768w, https:\/\/www.portalalerta.com.br\/wp-content\/uploads\/2021\/04\/ELAB-183x146.jpg 183w, https:\/\/www.portalalerta.com.br\/wp-content\/uploads\/2021\/04\/ELAB-50x40.jpg 50w, https:\/\/www.portalalerta.com.br\/wp-content\/uploads\/2021\/04\/ELAB-94x75.jpg 94w\" sizes=\"(max-width: 398px) 100vw, 398px\" \/><\/figure><\/div>\n\n\n\n<p>Enquanto resistia \u00e0 ordem de pris\u00e3o do Supremo Tribunal Federal (STF), neste domingo (23), o ex-parlamentar atirou tr\u00eas granadas e realizou diversos disparos com um fuzil 5.56 mm contra os agentes da Pol\u00edcia Federal, que estavam respons\u00e1veis por o prender.<\/p>\n\n\n\n<p>Al\u00e9m de ser atingida no quadril, a policial Karina Oliveira precisou levar pontos por conta dos ferimentos que teve no rosto, em uma regi\u00e3o pr\u00f3xima dos olhos, e na coxa. A oficial afirmou que durante o confronto ela acabou perdendo os sentidos e desmaiou.<\/p>\n\n\n\n<p>Diante da situa\u00e7\u00e3o, o delegado que participava da opera\u00e7\u00e3o, Marcelo Villela, tentou socorrer Karina e tamb\u00e9m foi atingido por estilha\u00e7os de granada. De acordo com o depoimento do agente, o raio-x constatou dois fragmentos em seu cr\u00e2nio.<\/p>\n\n\n\n<p><em>Fonte: Metro1<\/em><\/p>\n","protected":false},"excerpt":{"rendered":"<p>Al\u00e9m de se ferir com os estilha\u00e7os, uma policial tamb\u00e9m precisou levar pontos por conta de ferimentos no rosto e na coxa<\/p>\n","protected":false},"author":2,"featured_media":45393,"comment_status":"open","ping_status":"open","sticky":false,"template":"","format":"standard","meta":{"om_disable_all_campaigns":false,"_monsterinsights_skip_tracking":false,"_monsterinsights_sitenote_active":false,"_monsterinsights_sitenote_note":"","_monsterinsights_sitenote_category":0,"footnotes":""},"categories":[34,70,69,22],"tags":[100,71,48,4179,93,75,4178,4180,129,107,393,4181,132,230,3828,106,203,120,51,173,838,109,88,47,1526,111,190],"class_list":["post-45391","post","type-post","status-publish","format-standard","has-post-thumbnail","hentry","category-brasil","category-destaques","category-noticias2","category-seguranca","tag-adustina","tag-antas","tag-araci","tag-banzae-2","tag-brasil","tag-cicero-dantas","tag-cipo-2","tag-crisopolis-2","tag-euclides-da-cunha","tag-fatima","tag-feridos","tag-heliopolis-2","tag-itapicuru","tag-jeremoabo","tag-noticias","tag-nova-soure","tag-novo-triunfo","tag-olindina","tag-paripiranga","tag-policia-federal","tag-policiais","tag-quijingue","tag-ribeira-do-amparo","tag-ribeira-do-pombal","tag-roberto-jefferson","tag-sitio-do-quinto","tag-tucano"],"aioseo_notices":[],"_links":{"self":[{"href":"https:\/\/www.portalalerta.com.br\/index.php\/wp-json\/wp\/v2\/posts\/45391","targetHints":{"allow":["GET"]}}],"collection":[{"href":"https:\/\/www.portalalerta.com.br\/index.php\/wp-json\/wp\/v2\/posts"}],"about":[{"href":"https:\/\/www.portalalerta.com.br\/index.php\/wp-json\/wp\/v2\/types\/post"}],"author":[{"embeddable":true,"href":"https:\/\/www.portalalerta.com.br\/index.php\/wp-json\/wp\/v2\/users\/2"}],"replies":[{"embeddable":true,"href":"https:\/\/www.portalalerta.com.br\/index.php\/wp-json\/wp\/v2\/comments?post=45391"}],"version-history":[{"count":1,"href":"https:\/\/www.portalalerta.com.br\/index.php\/wp-json\/wp\/v2\/posts\/45391\/revisions"}],"predecessor-version":[{"id":45394,"href":"https:\/\/www.portalalerta.com.br\/index.php\/wp-json\/wp\/v2\/posts\/45391\/revisions\/45394"}],"wp:featuredmedia":[{"embeddable":true,"href":"https:\/\/www.portalalerta.com.br\/index.php\/wp-json\/wp\/v2\/media\/45393"}],"wp:attachment":[{"href":"https:\/\/www.portalalerta.com.br\/index.php\/wp-json\/wp\/v2\/media?parent=45391"}],"wp:term":[{"taxonomy":"category","embeddable":true,"href":"https:\/\/www.portalalerta.com.br\/index.php\/wp-json\/wp\/v2\/categories?post=45391"},{"taxonomy":"post_tag","embeddable":true,"href":"https:\/\/www.portalalerta.com.br\/index.php\/wp-json\/wp\/v2\/tags?post=45391"}],"curies":[{"name":"wp","href":"https:\/\/api.w.org\/{rel}","templated":true}]}}