{"id":45397,"date":"2022-10-26T10:18:53","date_gmt":"2022-10-26T13:18:53","guid":{"rendered":"https:\/\/www.portalalerta.com.br\/?p=45397"},"modified":"2022-10-26T10:18:55","modified_gmt":"2022-10-26T13:18:55","slug":"prefeituras-de-cicero-dantas-e-jeremoabo-transferem-feriado-do-servidor-publico-para-o-mes-de-novembro","status":"publish","type":"post","link":"https:\/\/www.portalalerta.com.br\/index.php\/2022\/10\/26\/prefeituras-de-cicero-dantas-e-jeremoabo-transferem-feriado-do-servidor-publico-para-o-mes-de-novembro\/","title":{"rendered":"Prefeituras de C\u00edcero Dantas e Jeremoabo transferem feriado do Servidor P\u00fablico para o m\u00eas de novembro"},"content":{"rendered":"\n<p>Medida visa reduzir absten\u00e7\u00e3o durante o 2\u00ba turno eleitoral, e tem sido adotada em diferentes partes do pa\u00eds<\/p>\n\n\n\n<!--more-->\n\n\n\n<p>Foi publicado no Di\u00e1rio Oficial do Munic\u00edpio de C\u00edcero Dantas (BA) nesta segunda-feira (24) o decreto de n\u00ba 853\/2022, que transfere a data do feriado comemorativo do Dia do Servidor P\u00fablico Municipal da pr\u00f3xima sexta-feira (28) para 11 de novembro, que cai no mesmo dia da semana.<\/p>\n\n\n\n<div class=\"wp-block-image\"><figure class=\"alignleft size-full is-resized\"><img fetchpriority=\"high\" decoding=\"async\" src=\"https:\/\/www.portalalerta.com.br\/wp-content\/uploads\/2022\/03\/Cred-Real.1.jpg\" alt=\"\" class=\"wp-image-41523\" width=\"402\" height=\"322\" srcset=\"https:\/\/www.portalalerta.com.br\/wp-content\/uploads\/2022\/03\/Cred-Real.1.jpg 500w, https:\/\/www.portalalerta.com.br\/wp-content\/uploads\/2022\/03\/Cred-Real.1-300x240.jpg 300w, https:\/\/www.portalalerta.com.br\/wp-content\/uploads\/2022\/03\/Cred-Real.1-183x146.jpg 183w, https:\/\/www.portalalerta.com.br\/wp-content\/uploads\/2022\/03\/Cred-Real.1-50x40.jpg 50w, https:\/\/www.portalalerta.com.br\/wp-content\/uploads\/2022\/03\/Cred-Real.1-94x75.jpg 94w\" sizes=\"(max-width: 402px) 100vw, 402px\" \/><\/figure><\/div>\n\n\n\n<p>A medida acompanha o estabelecido pelo decreto estadual 21.665, publicado no dia 14 de outubro, e cujo teor \u00e9 o mesmo. Mesmo com o feriado, os servi\u00e7os p\u00fablicos considerados essenciais n\u00e3o ser\u00e3o afetados e continuar\u00e3o a ser providos normalmente.<\/p>\n\n\n\n<p>A iniciativa est\u00e1 sendo tomada em diversas partes do pa\u00eds, para reduzir o \u00edndice de absten\u00e7\u00f5es, durante o 2\u00ba turno eleitoral, que ocorre no pr\u00f3ximo domingo (30). Com o feriado casado com o final de semana, muitos servidores p\u00fablicos poderiam aproveitar para viajar, e portanto, n\u00e3o estariam em seu domic\u00edlio eleitoral.<\/p>\n\n\n\n<p><strong>Jeremoabo<\/strong><\/p>\n\n\n\n<p>O Chefe do Executivo Municipal de Jeremoabo, Derisvaldo Jos\u00e9 dos Santos, mandou publicar o DECRETO n\u00famero 082\/2022, transferindo do dia 28 de outubro (sexta-feira) para o dia 11 de novembro (sexta-feira), o Dia do Servidor P\u00fablico, previsto no art. 230 da Lei Municipal n. 249\/1998;<\/p>\n\n\n\n<p>Vale destacar que a data \u00e9 Ponto Facultativo, portanto vale apenas para os \u00f3rg\u00e3os da Administra\u00e7\u00e3o Direta, indireta e fundacional do Munic\u00edpio de Jeremoabo e n\u00e3o se aplica aos \u00f3rg\u00e3os da Administra\u00e7\u00e3o e servidores que prestam servi\u00e7os considerados essenciais e que, por sua natureza, n\u00e3o podem sofrer altera\u00e7\u00e3o de continuidade<\/p>\n\n\n\n<p><em>Fonte: Sert\u00e3o em Pauta e Jeremoabo.com.br<\/em><\/p>\n","protected":false},"excerpt":{"rendered":"<p>Medida visa reduzir absten\u00e7\u00e3o durante o 2\u00ba turno eleitoral, e tem sido adotada em diferentes partes do pa\u00eds<\/p>\n","protected":false},"author":2,"featured_media":41136,"comment_status":"open","ping_status":"open","sticky":false,"template":"","format":"standard","meta":{"om_disable_all_campaigns":false,"_monsterinsights_skip_tracking":false,"_monsterinsights_sitenote_active":false,"_monsterinsights_sitenote_note":"","_monsterinsights_sitenote_category":0,"footnotes":""},"categories":[4,70,9,69,32],"tags":[100,71,48,4179,75,4178,4180,129,107,847,4181,132,230,3828,106,203,120,51,109,88,47,552,111],"class_list":["post-45397","post","type-post","status-publish","format-standard","has-post-thumbnail","hentry","category-cicero-dantas","category-destaques","category-jeremoabo","category-noticias2","category-regiao","tag-adustina","tag-antas","tag-araci","tag-banzae-2","tag-cicero-dantas","tag-cipo-2","tag-crisopolis-2","tag-euclides-da-cunha","tag-fatima","tag-feriado","tag-heliopolis-2","tag-itapicuru","tag-jeremoabo","tag-noticias","tag-nova-soure","tag-novo-triunfo","tag-olindina","tag-paripiranga","tag-quijingue","tag-ribeira-do-amparo","tag-ribeira-do-pombal","tag-servidor-publico","tag-sitio-do-quinto"],"aioseo_notices":[],"_links":{"self":[{"href":"https:\/\/www.portalalerta.com.br\/index.php\/wp-json\/wp\/v2\/posts\/45397","targetHints":{"allow":["GET"]}}],"collection":[{"href":"https:\/\/www.portalalerta.com.br\/index.php\/wp-json\/wp\/v2\/posts"}],"about":[{"href":"https:\/\/www.portalalerta.com.br\/index.php\/wp-json\/wp\/v2\/types\/post"}],"author":[{"embeddable":true,"href":"https:\/\/www.portalalerta.com.br\/index.php\/wp-json\/wp\/v2\/users\/2"}],"replies":[{"embeddable":true,"href":"https:\/\/www.portalalerta.com.br\/index.php\/wp-json\/wp\/v2\/comments?post=45397"}],"version-history":[{"count":1,"href":"https:\/\/www.portalalerta.com.br\/index.php\/wp-json\/wp\/v2\/posts\/45397\/revisions"}],"predecessor-version":[{"id":45398,"href":"https:\/\/www.portalalerta.com.br\/index.php\/wp-json\/wp\/v2\/posts\/45397\/revisions\/45398"}],"wp:featuredmedia":[{"embeddable":true,"href":"https:\/\/www.portalalerta.com.br\/index.php\/wp-json\/wp\/v2\/media\/41136"}],"wp:attachment":[{"href":"https:\/\/www.portalalerta.com.br\/index.php\/wp-json\/wp\/v2\/media?parent=45397"}],"wp:term":[{"taxonomy":"category","embeddable":true,"href":"https:\/\/www.portalalerta.com.br\/index.php\/wp-json\/wp\/v2\/categories?post=45397"},{"taxonomy":"post_tag","embeddable":true,"href":"https:\/\/www.portalalerta.com.br\/index.php\/wp-json\/wp\/v2\/tags?post=45397"}],"curies":[{"name":"wp","href":"https:\/\/api.w.org\/{rel}","templated":true}]}}