{"id":45399,"date":"2022-10-26T10:25:49","date_gmt":"2022-10-26T13:25:49","guid":{"rendered":"https:\/\/www.portalalerta.com.br\/?p=45399"},"modified":"2022-10-26T10:25:52","modified_gmt":"2022-10-26T13:25:52","slug":"pesquisa-eleitoral-2022-lula-oscila-positivamente-e-abre-6-pontos-mostra-quaest","status":"publish","type":"post","link":"https:\/\/www.portalalerta.com.br\/index.php\/2022\/10\/26\/pesquisa-eleitoral-2022-lula-oscila-positivamente-e-abre-6-pontos-mostra-quaest\/","title":{"rendered":"Pesquisa eleitoral 2022: Lula oscila positivamente e abre 6 pontos, mostra Quaest"},"content":{"rendered":"\n<p>A nova pesquisa eleitoral sobre a corrida \u00e0 presid\u00eancia em 2022 feita pela Genial\/Quaest, divulgada nesta quarta-feira (26), mostra que o candidato Luiz In\u00e1cio Lula da Silva (PT) teve oscila\u00e7\u00e3o positiva de um ponto em rela\u00e7\u00e3o \u00e0 rodada anterior. Assim, Lula chega a 48% dos votos totais e abre seis pontos em rela\u00e7\u00e3o ao advers\u00e1rio, Jair Bolsonaro (PL):<\/p>\n\n\n\n<!--more-->\n\n\n\n<div class=\"wp-block-image\"><figure class=\"alignright size-full is-resized\"><img fetchpriority=\"high\" decoding=\"async\" src=\"https:\/\/www.portalalerta.com.br\/wp-content\/uploads\/2021\/04\/ELAB.jpg\" alt=\"\" class=\"wp-image-34795\" width=\"389\" height=\"310\" srcset=\"https:\/\/www.portalalerta.com.br\/wp-content\/uploads\/2021\/04\/ELAB.jpg 1000w, https:\/\/www.portalalerta.com.br\/wp-content\/uploads\/2021\/04\/ELAB-300x240.jpg 300w, https:\/\/www.portalalerta.com.br\/wp-content\/uploads\/2021\/04\/ELAB-768x614.jpg 768w, https:\/\/www.portalalerta.com.br\/wp-content\/uploads\/2021\/04\/ELAB-183x146.jpg 183w, https:\/\/www.portalalerta.com.br\/wp-content\/uploads\/2021\/04\/ELAB-50x40.jpg 50w, https:\/\/www.portalalerta.com.br\/wp-content\/uploads\/2021\/04\/ELAB-94x75.jpg 94w\" sizes=\"(max-width: 389px) 100vw, 389px\" \/><\/figure><\/div>\n\n\n\n<p><strong>Votos totais<\/strong><\/p>\n\n\n\n<ul class=\"wp-block-list\"><li>Lula (PT): 48%<\/li><li>Jair Bolsonaro (PL): 42%<\/li><li>Branco\/nulo\/n\u00e3o vai votar: 5%<\/li><li>Indecisos: 5%<\/li><\/ul>\n\n\n\n<p>Em votos v\u00e1lidos, a dist\u00e2ncia entre os candidatos se mant\u00e9m em seis pontos e acompanha a tend\u00eancia de outros levantamentos: 53% para Lula e 47% para Bolsonaro.<\/p>\n\n\n\n<p>Ao longo do per\u00edodo de campanha do segundo turno, a pesquisa Genial\/Quaest implementou um mecanismo para tentar prever os votos v\u00e1lidos. Os resultados do modelo de \u201clikely voters\u201d (eleitores prov\u00e1veis) \u00e9 feito com o objetivo de antecipar os resultados com a absten\u00e7\u00e3o. Neste \u00e2mbito, a diferen\u00e7a entre os candidatos cai, mas o petista segue \u00e0 frente, com 52,1% das inten\u00e7\u00f5es de voto. O atual presidente tem 47,9%.<\/p>\n\n\n\n<p>Foram realizadas 2 mil entrevistas entre os dias 23 e 25 de outubro de forma presencial. A margem de erro \u00e9 de 2 pontos percentuais e o registro no Tribunal Superior Eleitoral \u00e9 BR-00470\/2022.<\/p>\n\n\n\n<p><em>Fonte: Yahoo Not\u00edcias<\/em><\/p>\n","protected":false},"excerpt":{"rendered":"<p>A nova pesquisa eleitoral sobre a corrida \u00e0 presid\u00eancia em 2022 feita pela Genial\/Quaest, divulgada nesta quarta-feira (26), mostra que o candidato Luiz In\u00e1cio Lula da Silva (PT) teve oscila\u00e7\u00e3o positiva de um ponto em rela\u00e7\u00e3o \u00e0 rodada anterior. Assim, Lula chega a 48% dos votos totais e abre seis pontos em rela\u00e7\u00e3o ao advers\u00e1rio, &hellip;<\/p>\n","protected":false},"author":2,"featured_media":45038,"comment_status":"open","ping_status":"open","sticky":false,"template":"","format":"standard","meta":{"om_disable_all_campaigns":false,"_monsterinsights_skip_tracking":false,"_monsterinsights_sitenote_active":false,"_monsterinsights_sitenote_note":"","_monsterinsights_sitenote_category":0,"footnotes":""},"categories":[34,70,69,21],"tags":[100,71,48,4179,93,75,4178,4180,3181,129,107,4181,132,1395,230,303,3828,106,203,120,51,3871,199,109,88,47,111],"class_list":["post-45399","post","type-post","status-publish","format-standard","has-post-thumbnail","hentry","category-brasil","category-destaques","category-noticias2","category-politica","tag-adustina","tag-antas","tag-araci","tag-banzae-2","tag-brasil","tag-cicero-dantas","tag-cipo-2","tag-crisopolis-2","tag-eleicoes-2022","tag-euclides-da-cunha","tag-fatima","tag-heliopolis-2","tag-itapicuru","tag-jair-bolsonaro","tag-jeremoabo","tag-lula","tag-noticias","tag-nova-soure","tag-novo-triunfo","tag-olindina","tag-paripiranga","tag-pesquisa-eleitoral","tag-politica","tag-quijingue","tag-ribeira-do-amparo","tag-ribeira-do-pombal","tag-sitio-do-quinto"],"aioseo_notices":[],"_links":{"self":[{"href":"https:\/\/www.portalalerta.com.br\/index.php\/wp-json\/wp\/v2\/posts\/45399","targetHints":{"allow":["GET"]}}],"collection":[{"href":"https:\/\/www.portalalerta.com.br\/index.php\/wp-json\/wp\/v2\/posts"}],"about":[{"href":"https:\/\/www.portalalerta.com.br\/index.php\/wp-json\/wp\/v2\/types\/post"}],"author":[{"embeddable":true,"href":"https:\/\/www.portalalerta.com.br\/index.php\/wp-json\/wp\/v2\/users\/2"}],"replies":[{"embeddable":true,"href":"https:\/\/www.portalalerta.com.br\/index.php\/wp-json\/wp\/v2\/comments?post=45399"}],"version-history":[{"count":1,"href":"https:\/\/www.portalalerta.com.br\/index.php\/wp-json\/wp\/v2\/posts\/45399\/revisions"}],"predecessor-version":[{"id":45400,"href":"https:\/\/www.portalalerta.com.br\/index.php\/wp-json\/wp\/v2\/posts\/45399\/revisions\/45400"}],"wp:featuredmedia":[{"embeddable":true,"href":"https:\/\/www.portalalerta.com.br\/index.php\/wp-json\/wp\/v2\/media\/45038"}],"wp:attachment":[{"href":"https:\/\/www.portalalerta.com.br\/index.php\/wp-json\/wp\/v2\/media?parent=45399"}],"wp:term":[{"taxonomy":"category","embeddable":true,"href":"https:\/\/www.portalalerta.com.br\/index.php\/wp-json\/wp\/v2\/categories?post=45399"},{"taxonomy":"post_tag","embeddable":true,"href":"https:\/\/www.portalalerta.com.br\/index.php\/wp-json\/wp\/v2\/tags?post=45399"}],"curies":[{"name":"wp","href":"https:\/\/api.w.org\/{rel}","templated":true}]}}