{"id":45406,"date":"2022-10-28T23:15:51","date_gmt":"2022-10-29T02:15:51","guid":{"rendered":"https:\/\/www.portalalerta.com.br\/?p=45406"},"modified":"2022-10-28T23:15:52","modified_gmt":"2022-10-29T02:15:52","slug":"prefeitura-de-ribeira-do-pombal-ba-lanca-campanha-para-economia-de-agua","status":"publish","type":"post","link":"https:\/\/www.portalalerta.com.br\/index.php\/2022\/10\/28\/prefeitura-de-ribeira-do-pombal-ba-lanca-campanha-para-economia-de-agua\/","title":{"rendered":"Prefeitura de Ribeira do Pombal-BA lan\u00e7a campanha para economia de \u00e1gua"},"content":{"rendered":"\n<p>A Prefeitura de Ribeira do Pombal-BA iniciou campanha para dialogar com a popula\u00e7\u00e3o sobre a necessidade de se economizar \u00e1gua nas atividades di\u00e1rias, assim como tamb\u00e9m de evitar desperd\u00edcios que podem acontecer no dia a dia em casa ou no trabalho, e consequentemente levar alguma parte do sistema a faltar \u00e1gua para alguma comunidade.<\/p>\n\n\n\n<!--more-->\n\n\n\n<p>Nessa \u00e9poca de calor o consumo aumenta, por isso alguns cuidados s\u00e3o necess\u00e1rios para que n\u00e3o falte \u00e1gua em nossas casas: A regra mais importante \u00e9 economizar. Se todos fizerem sua parte, economizando e evitando desperd\u00edcios, os po\u00e7os artesianos que abastecem 90% fam\u00edlias moradores do interior do munic\u00edpio, v\u00e3o funcionar sempre bem e n\u00e3o quebram.<\/p>\n\n\n\n<div class=\"wp-block-image\"><figure class=\"aligncenter size-full\"><img fetchpriority=\"high\" decoding=\"async\" width=\"720\" height=\"181\" src=\"https:\/\/www.portalalerta.com.br\/wp-content\/uploads\/2018\/02\/Auto-Escola-Nobre.jpg\" alt=\"\" class=\"wp-image-4869\" srcset=\"https:\/\/www.portalalerta.com.br\/wp-content\/uploads\/2018\/02\/Auto-Escola-Nobre.jpg 720w, https:\/\/www.portalalerta.com.br\/wp-content\/uploads\/2018\/02\/Auto-Escola-Nobre-260x65.jpg 260w, https:\/\/www.portalalerta.com.br\/wp-content\/uploads\/2018\/02\/Auto-Escola-Nobre-50x13.jpg 50w, https:\/\/www.portalalerta.com.br\/wp-content\/uploads\/2018\/02\/Auto-Escola-Nobre-150x38.jpg 150w\" sizes=\"(max-width: 720px) 100vw, 720px\" \/><\/figure><\/div>\n\n\n\n<p>A Prefeitura informa que a Secretaria de Meio Ambientes e Recursos H\u00eddricos est\u00e1 em plant\u00e3o, para orientar ou ajudar a respeito de qualquer situa\u00e7\u00e3o sobre o abastecimento, quanto para fiscalizar e punir caso haja viola\u00e7\u00f5es dos sistemas de distribui\u00e7\u00e3o, com liga\u00e7\u00f5es clandestinas, por exemplo.<\/p>\n\n\n\n<p>Por outro lado, tamb\u00e9m est\u00e3o sendo instalados novos Po\u00e7os Artesianos, em regi\u00f5es com mais dificuldade para fazer \u00e1gua chegar. As comunidades atendidas nessa etapa s\u00e3o: Cardan, Queimada Grande e Po\u00e7o das Varas.<\/p>\n\n\n\n<p><em>Fonte: SECOM\/ Ribeira do Pombal<\/em><\/p>\n","protected":false},"excerpt":{"rendered":"<p>A Prefeitura de Ribeira do Pombal-BA iniciou campanha para dialogar com a popula\u00e7\u00e3o sobre a necessidade de se economizar \u00e1gua nas atividades di\u00e1rias, assim como tamb\u00e9m de evitar desperd\u00edcios que podem acontecer no dia a dia em casa ou no trabalho, e consequentemente levar alguma parte do sistema a faltar \u00e1gua para alguma comunidade.<\/p>\n","protected":false},"author":2,"featured_media":45407,"comment_status":"open","ping_status":"open","sticky":false,"template":"","format":"standard","meta":{"om_disable_all_campaigns":false,"_monsterinsights_skip_tracking":false,"_monsterinsights_sitenote_active":false,"_monsterinsights_sitenote_note":"","_monsterinsights_sitenote_category":0,"footnotes":""},"categories":[70,69,32,3],"tags":[100,71,48,4179,437,75,4178,4180,5673,129,107,4181,132,230,3828,106,203,120,51,109,88,47,111],"class_list":["post-45406","post","type-post","status-publish","format-standard","has-post-thumbnail","hentry","category-destaques","category-noticias2","category-regiao","category-ribeira-do-pombal","tag-adustina","tag-antas","tag-araci","tag-banzae-2","tag-campanha","tag-cicero-dantas","tag-cipo-2","tag-crisopolis-2","tag-economia-de-agua","tag-euclides-da-cunha","tag-fatima","tag-heliopolis-2","tag-itapicuru","tag-jeremoabo","tag-noticias","tag-nova-soure","tag-novo-triunfo","tag-olindina","tag-paripiranga","tag-quijingue","tag-ribeira-do-amparo","tag-ribeira-do-pombal","tag-sitio-do-quinto"],"aioseo_notices":[],"_links":{"self":[{"href":"https:\/\/www.portalalerta.com.br\/index.php\/wp-json\/wp\/v2\/posts\/45406","targetHints":{"allow":["GET"]}}],"collection":[{"href":"https:\/\/www.portalalerta.com.br\/index.php\/wp-json\/wp\/v2\/posts"}],"about":[{"href":"https:\/\/www.portalalerta.com.br\/index.php\/wp-json\/wp\/v2\/types\/post"}],"author":[{"embeddable":true,"href":"https:\/\/www.portalalerta.com.br\/index.php\/wp-json\/wp\/v2\/users\/2"}],"replies":[{"embeddable":true,"href":"https:\/\/www.portalalerta.com.br\/index.php\/wp-json\/wp\/v2\/comments?post=45406"}],"version-history":[{"count":1,"href":"https:\/\/www.portalalerta.com.br\/index.php\/wp-json\/wp\/v2\/posts\/45406\/revisions"}],"predecessor-version":[{"id":45408,"href":"https:\/\/www.portalalerta.com.br\/index.php\/wp-json\/wp\/v2\/posts\/45406\/revisions\/45408"}],"wp:featuredmedia":[{"embeddable":true,"href":"https:\/\/www.portalalerta.com.br\/index.php\/wp-json\/wp\/v2\/media\/45407"}],"wp:attachment":[{"href":"https:\/\/www.portalalerta.com.br\/index.php\/wp-json\/wp\/v2\/media?parent=45406"}],"wp:term":[{"taxonomy":"category","embeddable":true,"href":"https:\/\/www.portalalerta.com.br\/index.php\/wp-json\/wp\/v2\/categories?post=45406"},{"taxonomy":"post_tag","embeddable":true,"href":"https:\/\/www.portalalerta.com.br\/index.php\/wp-json\/wp\/v2\/tags?post=45406"}],"curies":[{"name":"wp","href":"https:\/\/api.w.org\/{rel}","templated":true}]}}