{"id":45409,"date":"2022-10-28T23:23:38","date_gmt":"2022-10-29T02:23:38","guid":{"rendered":"https:\/\/www.portalalerta.com.br\/?p=45409"},"modified":"2022-10-28T23:23:40","modified_gmt":"2022-10-29T02:23:40","slug":"pastor-e-preso-por-tortura-sequestro-e-carcere-privado-em-clinica-de-reabilitacao-na-bahia","status":"publish","type":"post","link":"https:\/\/www.portalalerta.com.br\/index.php\/2022\/10\/28\/pastor-e-preso-por-tortura-sequestro-e-carcere-privado-em-clinica-de-reabilitacao-na-bahia\/","title":{"rendered":"Pastor \u00e9 preso por tortura, sequestro e c\u00e1rcere privado em cl\u00ednica de reabilita\u00e7\u00e3o na Bahia"},"content":{"rendered":"\n<p>A investiga\u00e7\u00e3o apontou que os internos chegavam a ficar presos durante at\u00e9 tr\u00eas dias ap\u00f3s surtos<\/p>\n\n\n\n<!--more-->\n\n\n\n<p>Um pastor foi preso por suspeita de ter cometido tortura, maus tratos, interna\u00e7\u00e3o for\u00e7ada e c\u00e1rcere privado contra internos de uma cl\u00ednica de reabilita\u00e7\u00e3o para dependentes qu\u00edmicos. O caso aconteceu no munic\u00edpio de Mucuri, na Bahia.<\/p>\n\n\n\n<div class=\"wp-block-image\"><figure class=\"alignleft size-full is-resized\"><img fetchpriority=\"high\" decoding=\"async\" src=\"https:\/\/www.portalalerta.com.br\/wp-content\/uploads\/2022\/03\/Cred-Real.1.jpg\" alt=\"\" class=\"wp-image-41523\" width=\"414\" height=\"331\" srcset=\"https:\/\/www.portalalerta.com.br\/wp-content\/uploads\/2022\/03\/Cred-Real.1.jpg 500w, https:\/\/www.portalalerta.com.br\/wp-content\/uploads\/2022\/03\/Cred-Real.1-300x240.jpg 300w, https:\/\/www.portalalerta.com.br\/wp-content\/uploads\/2022\/03\/Cred-Real.1-183x146.jpg 183w, https:\/\/www.portalalerta.com.br\/wp-content\/uploads\/2022\/03\/Cred-Real.1-50x40.jpg 50w, https:\/\/www.portalalerta.com.br\/wp-content\/uploads\/2022\/03\/Cred-Real.1-94x75.jpg 94w\" sizes=\"(max-width: 414px) 100vw, 414px\" \/><\/figure><\/div>\n\n\n\n<p>Al\u00e9m do pastor, que era propriet\u00e1rio da cl\u00ednica, um funcion\u00e1rio que administrava o local tamb\u00e9m foi preso em flagrante.&nbsp;Foram resgatados 16 pacientes em situa\u00e7\u00e3o de c\u00e1rcere privado.<\/p>\n\n\n\n<p>De acordo com o promotor de Justi\u00e7a Bernardo Barbosa Sarkis, o MP instaurou procedimento para investigar a cl\u00ednica ap\u00f3s recebimento de den\u00fancias. Segundo a Pol\u00edcia Civil, no local foi encontrado um adolescente de 15 anos internado e v\u00e1rios pacientes com marcas de correntes nos pulsos. A investiga\u00e7\u00e3o apontou que os internos chegavam a ficar presos durante at\u00e9 tr\u00eas dias ap\u00f3s surtos.<\/p>\n\n\n\n<p>A cl\u00ednica de reabilita\u00e7\u00e3o terap\u00eautica funcionava 24 horas e atendia cerca de 20 pessoas do extremo sul do estado. O local funcionava h\u00e1 seis meses, mas, de acordo com o promotor, estava irregular e n\u00e3o possu\u00eda licen\u00e7a.<\/p>\n\n\n\n<p>Os internos foram encaminhados para o Centro de Aten\u00e7\u00e3o Psicossocial (CAPS), onde v\u00e3o receber atendimento m\u00e9dico e, posteriormente, ser\u00e3o direcionados \u00e0s fam\u00edlias. J\u00e1 os suspeitos passaram por exames de les\u00e3o corporal e est\u00e3o \u00e0 disposi\u00e7\u00e3o da Justi\u00e7a ap\u00f3s serem encaminhados para Teixeira de Freitas.<\/p>\n\n\n\n<p><em>Fonte: Metro1<\/em><\/p>\n","protected":false},"excerpt":{"rendered":"<p>A investiga\u00e7\u00e3o apontou que os internos chegavam a ficar presos durante at\u00e9 tr\u00eas dias ap\u00f3s surtos<\/p>\n","protected":false},"author":2,"featured_media":45411,"comment_status":"open","ping_status":"open","sticky":false,"template":"","format":"standard","meta":{"om_disable_all_campaigns":false,"_monsterinsights_skip_tracking":false,"_monsterinsights_sitenote_active":false,"_monsterinsights_sitenote_note":"","_monsterinsights_sitenote_category":0,"footnotes":""},"categories":[33,70,69,22],"tags":[54,458,2265,704,136],"class_list":["post-45409","post","type-post","status-publish","format-standard","has-post-thumbnail","hentry","category-bahia","category-destaques","category-noticias2","category-seguranca","tag-bahia","tag-carcere-privado","tag-mucuri","tag-pastor","tag-sequestro"],"aioseo_notices":[],"_links":{"self":[{"href":"https:\/\/www.portalalerta.com.br\/index.php\/wp-json\/wp\/v2\/posts\/45409","targetHints":{"allow":["GET"]}}],"collection":[{"href":"https:\/\/www.portalalerta.com.br\/index.php\/wp-json\/wp\/v2\/posts"}],"about":[{"href":"https:\/\/www.portalalerta.com.br\/index.php\/wp-json\/wp\/v2\/types\/post"}],"author":[{"embeddable":true,"href":"https:\/\/www.portalalerta.com.br\/index.php\/wp-json\/wp\/v2\/users\/2"}],"replies":[{"embeddable":true,"href":"https:\/\/www.portalalerta.com.br\/index.php\/wp-json\/wp\/v2\/comments?post=45409"}],"version-history":[{"count":1,"href":"https:\/\/www.portalalerta.com.br\/index.php\/wp-json\/wp\/v2\/posts\/45409\/revisions"}],"predecessor-version":[{"id":45412,"href":"https:\/\/www.portalalerta.com.br\/index.php\/wp-json\/wp\/v2\/posts\/45409\/revisions\/45412"}],"wp:featuredmedia":[{"embeddable":true,"href":"https:\/\/www.portalalerta.com.br\/index.php\/wp-json\/wp\/v2\/media\/45411"}],"wp:attachment":[{"href":"https:\/\/www.portalalerta.com.br\/index.php\/wp-json\/wp\/v2\/media?parent=45409"}],"wp:term":[{"taxonomy":"category","embeddable":true,"href":"https:\/\/www.portalalerta.com.br\/index.php\/wp-json\/wp\/v2\/categories?post=45409"},{"taxonomy":"post_tag","embeddable":true,"href":"https:\/\/www.portalalerta.com.br\/index.php\/wp-json\/wp\/v2\/tags?post=45409"}],"curies":[{"name":"wp","href":"https:\/\/api.w.org\/{rel}","templated":true}]}}