{"id":45471,"date":"2022-11-01T09:06:45","date_gmt":"2022-11-01T12:06:45","guid":{"rendered":"https:\/\/www.portalalerta.com.br\/?p=45471"},"modified":"2022-11-01T09:06:46","modified_gmt":"2022-11-01T12:06:46","slug":"em-ligacao-presidente-da-franca-diz-que-aguardava-com-impaciencia-por-vitoria-de-lula","status":"publish","type":"post","link":"https:\/\/www.portalalerta.com.br\/index.php\/2022\/11\/01\/em-ligacao-presidente-da-franca-diz-que-aguardava-com-impaciencia-por-vitoria-de-lula\/","title":{"rendered":"Em liga\u00e7\u00e3o, presidente da Fran\u00e7a diz que &#8220;aguardava com impaci\u00eancia&#8221; por vit\u00f3ria de Lula"},"content":{"rendered":"\n<p>Emmanuel Macron divulgou v\u00eddeo de trecho da chamada realizada com petista nas redes sociais<\/p>\n\n\n\n<!--more-->\n\n\n\n<p>O presidente da Fran\u00e7a, Emmanuel Macron, compartilhou, nesta segunda-feira (31), a liga\u00e7\u00e3o que fez para&nbsp;Lula (PT), eleito para presidir o Brasil a partir de 2023. Na chamada, o l\u00edder franc\u00eas parabenizou o petista e disse que <strong><em>&#8220;aguardava com muita impaci\u00eancia por este momento&#8221;<\/em><\/strong>.<\/p>\n\n\n\n<div class=\"wp-block-image\"><figure class=\"alignleft size-full is-resized\"><img fetchpriority=\"high\" decoding=\"async\" src=\"https:\/\/www.portalalerta.com.br\/wp-content\/uploads\/2022\/03\/Cred-Real.1.jpg\" alt=\"\" class=\"wp-image-41523\" width=\"375\" height=\"300\" srcset=\"https:\/\/www.portalalerta.com.br\/wp-content\/uploads\/2022\/03\/Cred-Real.1.jpg 500w, https:\/\/www.portalalerta.com.br\/wp-content\/uploads\/2022\/03\/Cred-Real.1-300x240.jpg 300w, https:\/\/www.portalalerta.com.br\/wp-content\/uploads\/2022\/03\/Cred-Real.1-183x146.jpg 183w, https:\/\/www.portalalerta.com.br\/wp-content\/uploads\/2022\/03\/Cred-Real.1-50x40.jpg 50w, https:\/\/www.portalalerta.com.br\/wp-content\/uploads\/2022\/03\/Cred-Real.1-94x75.jpg 94w\" sizes=\"(max-width: 375px) 100vw, 375px\" \/><\/figure><\/div>\n\n\n\n<p><strong><em>&#8220;Devo dizer que eu aguardava com muita impaci\u00eancia por este momento para que possamos retomar uma parceria estrat\u00e9gica \u00e0 altura da nossa hist\u00f3ria e dos desafios que est\u00e3o por vir&#8221;<\/em><\/strong>, disse Macron \u00e0 Lula, na liga\u00e7\u00e3o. <strong><em>&#8220;\u00c9, para n\u00f3s, uma not\u00edcia formid\u00e1vel&#8221;<\/em><\/strong>, finalizou, referindo-se \u00e0 vit\u00f3ria de Lula nas elei\u00e7\u00f5es brasileiras.<\/p>\n\n\n\n<p>J\u00e1 Lula, afirmou na chamada que &#8220;estamos vivendo um dia muito feliz porque conseguimos resgatar a democracia&#8221;.<\/p>\n\n\n\n<p><strong>Veja o v\u00eddeo:<\/strong><\/p>\n\n\n\n<blockquote class=\"twitter-tweet\"><p lang=\"fr\" dir=\"ltr\">Conectando-se com o Brasil.<br>Connexion avec le Br\u00e9sil. <a href=\"https:\/\/t.co\/cpYEf7dvGE\">pic.twitter.com\/cpYEf7dvGE<\/a><\/p>&mdash; Emmanuel Macron (@EmmanuelMacron) <a href=\"https:\/\/twitter.com\/EmmanuelMacron\/status\/1587147736910303232?ref_src=twsrc%5Etfw\">October 31, 2022<\/a><\/blockquote> <script async src=\"https:\/\/platform.twitter.com\/widgets.js\" charset=\"utf-8\"><\/script>\n\n\n\n<p><em>Fonte: Metro1<\/em><\/p>\n","protected":false},"excerpt":{"rendered":"<p>Emmanuel Macron divulgou v\u00eddeo de trecho da chamada realizada com petista nas redes sociais<\/p>\n","protected":false},"author":2,"featured_media":45472,"comment_status":"open","ping_status":"open","sticky":false,"template":"","format":"standard","meta":{"om_disable_all_campaigns":false,"_monsterinsights_skip_tracking":false,"_monsterinsights_sitenote_active":false,"_monsterinsights_sitenote_note":"","_monsterinsights_sitenote_category":0,"footnotes":""},"categories":[34,70,35,69,21],"tags":[93,3074,303,339],"class_list":["post-45471","post","type-post","status-publish","format-standard","has-post-thumbnail","hentry","category-brasil","category-destaques","category-mundo","category-noticias2","category-politica","tag-brasil","tag-emmanuel-macron","tag-lula","tag-mundo"],"aioseo_notices":[],"_links":{"self":[{"href":"https:\/\/www.portalalerta.com.br\/index.php\/wp-json\/wp\/v2\/posts\/45471","targetHints":{"allow":["GET"]}}],"collection":[{"href":"https:\/\/www.portalalerta.com.br\/index.php\/wp-json\/wp\/v2\/posts"}],"about":[{"href":"https:\/\/www.portalalerta.com.br\/index.php\/wp-json\/wp\/v2\/types\/post"}],"author":[{"embeddable":true,"href":"https:\/\/www.portalalerta.com.br\/index.php\/wp-json\/wp\/v2\/users\/2"}],"replies":[{"embeddable":true,"href":"https:\/\/www.portalalerta.com.br\/index.php\/wp-json\/wp\/v2\/comments?post=45471"}],"version-history":[{"count":1,"href":"https:\/\/www.portalalerta.com.br\/index.php\/wp-json\/wp\/v2\/posts\/45471\/revisions"}],"predecessor-version":[{"id":45473,"href":"https:\/\/www.portalalerta.com.br\/index.php\/wp-json\/wp\/v2\/posts\/45471\/revisions\/45473"}],"wp:featuredmedia":[{"embeddable":true,"href":"https:\/\/www.portalalerta.com.br\/index.php\/wp-json\/wp\/v2\/media\/45472"}],"wp:attachment":[{"href":"https:\/\/www.portalalerta.com.br\/index.php\/wp-json\/wp\/v2\/media?parent=45471"}],"wp:term":[{"taxonomy":"category","embeddable":true,"href":"https:\/\/www.portalalerta.com.br\/index.php\/wp-json\/wp\/v2\/categories?post=45471"},{"taxonomy":"post_tag","embeddable":true,"href":"https:\/\/www.portalalerta.com.br\/index.php\/wp-json\/wp\/v2\/tags?post=45471"}],"curies":[{"name":"wp","href":"https:\/\/api.w.org\/{rel}","templated":true}]}}