{"id":45489,"date":"2022-11-02T23:27:05","date_gmt":"2022-11-03T02:27:05","guid":{"rendered":"https:\/\/www.portalalerta.com.br\/?p=45489"},"modified":"2022-11-02T23:27:09","modified_gmt":"2022-11-03T02:27:09","slug":"bolsonaro-pede-que-apoiadores-desobstruam-rodovias-bloqueadas-em-atos-golpistas","status":"publish","type":"post","link":"https:\/\/www.portalalerta.com.br\/index.php\/2022\/11\/02\/bolsonaro-pede-que-apoiadores-desobstruam-rodovias-bloqueadas-em-atos-golpistas\/","title":{"rendered":"Bolsonaro pede que apoiadores desobstruam rodovias bloqueadas em atos golpistas"},"content":{"rendered":"\n<p>O presidente\u00a0Jair Bolsonaro\u00a0resolveu se manifestar na noite desta quarta-feira (2) sobre os\u00a0protestos golpistas\u00a0que seus eleitores t\u00eam organizado por todo o Brasil. Em v\u00eddeo, o\u00a0candidato derrotado das Elei\u00e7\u00f5es 2022\u00a0pede que os manifestantes desobstruam as rodovias bloqueadas.<\/p>\n\n\n\n<!--more-->\n\n\n\n<div class=\"wp-block-image\"><figure class=\"alignleft size-full is-resized\"><img fetchpriority=\"high\" decoding=\"async\" src=\"https:\/\/www.portalalerta.com.br\/wp-content\/uploads\/2021\/04\/ELAB.jpg\" alt=\"\" class=\"wp-image-34795\" width=\"377\" height=\"301\" srcset=\"https:\/\/www.portalalerta.com.br\/wp-content\/uploads\/2021\/04\/ELAB.jpg 1000w, https:\/\/www.portalalerta.com.br\/wp-content\/uploads\/2021\/04\/ELAB-300x240.jpg 300w, https:\/\/www.portalalerta.com.br\/wp-content\/uploads\/2021\/04\/ELAB-768x614.jpg 768w, https:\/\/www.portalalerta.com.br\/wp-content\/uploads\/2021\/04\/ELAB-183x146.jpg 183w, https:\/\/www.portalalerta.com.br\/wp-content\/uploads\/2021\/04\/ELAB-50x40.jpg 50w, https:\/\/www.portalalerta.com.br\/wp-content\/uploads\/2021\/04\/ELAB-94x75.jpg 94w\" sizes=\"(max-width: 377px) 100vw, 377px\" \/><\/figure><\/div>\n\n\n\n<p>Os bolsonaristas come\u00e7aram as movimenta\u00e7\u00f5es ap\u00f3s o \u00faltimo domingo, 30, dia que deu ao candidato Lula (PT) a presid\u00eancia do pa\u00eds a partir de 2023. Insatisfeitos, o p\u00fablico pro-Bolsonaro passou a duvidar do resultado do pleito e, em ator antidemocr\u00e1ticos, pedem <strong><em>&#8220;interven\u00e7\u00e3o federal&#8221;<\/em><\/strong>.<\/p>\n\n\n\n<p>No v\u00eddeo, o presidente faz um apelo ao seu p\u00fablico: <strong><em>&#8220;Sei que voc\u00eas est\u00e3o chateados, tristes, esperavam outra coisa. Eu tamb\u00e9m estou chateado, mas temos que ter a cabe\u00e7a no lugar&#8221;<\/em><\/strong>, inicia Jair. Ele ainda diz que o fechamento de vias <strong><em>&#8220;n\u00e3o \u00e9 legal&#8221;<\/em><\/strong>, pois tira o direito de ir e vir de toda a popula\u00e7\u00e3o.<\/p>\n\n\n\n<p>Bolsonaro ainda fala em &#8220;manter legitimidade&#8221; dos protestos e diz que vai continuar &#8220;lutando pela democracia e liberdade&#8221;.<\/p>\n\n\n\n<p><strong>Veja:<\/strong><\/p>\n\n\n\n<blockquote class=\"twitter-tweet\"><p lang=\"es\" dir=\"ltr\">&#8211; Presidente Jair Bolsonaro pede a manifestantes que desobstruam as rodovias: <a href=\"https:\/\/t.co\/ztRXh3IQWu\">pic.twitter.com\/ztRXh3IQWu<\/a><\/p>&mdash; Jair M. Bolsonaro 2\ufe0f\u20e32\ufe0f\u20e3 (@jairbolsonaro) <a href=\"https:\/\/twitter.com\/jairbolsonaro\/status\/1587937176741851137?ref_src=twsrc%5Etfw\">November 2, 2022<\/a><\/blockquote> <script async src=\"https:\/\/platform.twitter.com\/widgets.js\" charset=\"utf-8\"><\/script>\n\n\n\n<p><em>Fonte: Yahoo Not\u00edcias<\/em><\/p>\n","protected":false},"excerpt":{"rendered":"<p>O presidente\u00a0Jair Bolsonaro\u00a0resolveu se manifestar na noite desta quarta-feira (2) sobre os\u00a0protestos golpistas\u00a0que seus eleitores t\u00eam organizado por todo o Brasil. Em v\u00eddeo, o\u00a0candidato derrotado das Elei\u00e7\u00f5es 2022\u00a0pede que os manifestantes desobstruam as rodovias bloqueadas.<\/p>\n","protected":false},"author":2,"featured_media":45461,"comment_status":"open","ping_status":"open","sticky":false,"template":"","format":"standard","meta":{"om_disable_all_campaigns":false,"_monsterinsights_skip_tracking":false,"_monsterinsights_sitenote_active":false,"_monsterinsights_sitenote_note":"","_monsterinsights_sitenote_category":0,"footnotes":""},"categories":[34,70,69,21],"tags":[100,71,48,4179,93,75,4178,4180,129,107,4181,132,1395,230,475,3828,106,203,120,51,1152,109,88,47,111],"class_list":["post-45489","post","type-post","status-publish","format-standard","has-post-thumbnail","hentry","category-brasil","category-destaques","category-noticias2","category-politica","tag-adustina","tag-antas","tag-araci","tag-banzae-2","tag-brasil","tag-cicero-dantas","tag-cipo-2","tag-crisopolis-2","tag-euclides-da-cunha","tag-fatima","tag-heliopolis-2","tag-itapicuru","tag-jair-bolsonaro","tag-jeremoabo","tag-manifestacao","tag-noticias","tag-nova-soure","tag-novo-triunfo","tag-olindina","tag-paripiranga","tag-presidente-da-republica","tag-quijingue","tag-ribeira-do-amparo","tag-ribeira-do-pombal","tag-sitio-do-quinto"],"aioseo_notices":[],"_links":{"self":[{"href":"https:\/\/www.portalalerta.com.br\/index.php\/wp-json\/wp\/v2\/posts\/45489","targetHints":{"allow":["GET"]}}],"collection":[{"href":"https:\/\/www.portalalerta.com.br\/index.php\/wp-json\/wp\/v2\/posts"}],"about":[{"href":"https:\/\/www.portalalerta.com.br\/index.php\/wp-json\/wp\/v2\/types\/post"}],"author":[{"embeddable":true,"href":"https:\/\/www.portalalerta.com.br\/index.php\/wp-json\/wp\/v2\/users\/2"}],"replies":[{"embeddable":true,"href":"https:\/\/www.portalalerta.com.br\/index.php\/wp-json\/wp\/v2\/comments?post=45489"}],"version-history":[{"count":1,"href":"https:\/\/www.portalalerta.com.br\/index.php\/wp-json\/wp\/v2\/posts\/45489\/revisions"}],"predecessor-version":[{"id":45490,"href":"https:\/\/www.portalalerta.com.br\/index.php\/wp-json\/wp\/v2\/posts\/45489\/revisions\/45490"}],"wp:featuredmedia":[{"embeddable":true,"href":"https:\/\/www.portalalerta.com.br\/index.php\/wp-json\/wp\/v2\/media\/45461"}],"wp:attachment":[{"href":"https:\/\/www.portalalerta.com.br\/index.php\/wp-json\/wp\/v2\/media?parent=45489"}],"wp:term":[{"taxonomy":"category","embeddable":true,"href":"https:\/\/www.portalalerta.com.br\/index.php\/wp-json\/wp\/v2\/categories?post=45489"},{"taxonomy":"post_tag","embeddable":true,"href":"https:\/\/www.portalalerta.com.br\/index.php\/wp-json\/wp\/v2\/tags?post=45489"}],"curies":[{"name":"wp","href":"https:\/\/api.w.org\/{rel}","templated":true}]}}