{"id":45493,"date":"2022-11-03T16:03:53","date_gmt":"2022-11-03T19:03:53","guid":{"rendered":"https:\/\/www.portalalerta.com.br\/?p=45493"},"modified":"2022-11-03T16:03:54","modified_gmt":"2022-11-03T19:03:54","slug":"adolescente-de-apenas-16-anos-morre-em-acidente-de-transito-em-euclides-da-cunha-ba","status":"publish","type":"post","link":"https:\/\/www.portalalerta.com.br\/index.php\/2022\/11\/03\/adolescente-de-apenas-16-anos-morre-em-acidente-de-transito-em-euclides-da-cunha-ba\/","title":{"rendered":"Adolescente de apenas 16 anos, morre em acidente de tr\u00e2nsito em Euclides da Cunha-BA"},"content":{"rendered":"\n<p>O ocupante de carro que morreu em acidente automobil\u00edstico no anel vi\u00e1rio da BA 220, trecho Euclides da Cunha\/Monte Santo, foi identificado pelo Departamento de Pol\u00edcia T\u00e9cnica. Trata-se de um jovem de 16 anos, identificado com Kaio dos Santos, morador do Bairro Pau Mi\u00fado, cidade de Euclides da Cunha.<\/p>\n\n\n\n<!--more-->\n\n\n\n<div class=\"wp-block-image\"><figure class=\"alignleft size-full is-resized\"><img fetchpriority=\"high\" decoding=\"async\" src=\"https:\/\/www.portalalerta.com.br\/wp-content\/uploads\/2022\/03\/Cred-Real.1.jpg\" alt=\"\" class=\"wp-image-41523\" width=\"404\" height=\"323\" srcset=\"https:\/\/www.portalalerta.com.br\/wp-content\/uploads\/2022\/03\/Cred-Real.1.jpg 500w, https:\/\/www.portalalerta.com.br\/wp-content\/uploads\/2022\/03\/Cred-Real.1-300x240.jpg 300w, https:\/\/www.portalalerta.com.br\/wp-content\/uploads\/2022\/03\/Cred-Real.1-183x146.jpg 183w, https:\/\/www.portalalerta.com.br\/wp-content\/uploads\/2022\/03\/Cred-Real.1-50x40.jpg 50w, https:\/\/www.portalalerta.com.br\/wp-content\/uploads\/2022\/03\/Cred-Real.1-94x75.jpg 94w\" sizes=\"(max-width: 404px) 100vw, 404px\" \/><\/figure><\/div>\n\n\n\n<p>O acidente aconteceu por volta das 21h40 desta quarta-feira (2), nas proximidades do anel vi\u00e1rio localizado no bairro Dengo, interliga\u00e7\u00e3o da BA 220 com a BR 116\/Norte. Outros tr\u00eas ocupantes do ve\u00edculo ficaram feridos, um deles com ferimentos mais s\u00e9rio e precisou ser transferido para uma unidade de sa\u00fade avan\u00e7ada.<\/p>\n\n\n\n<p>Segundo informa\u00e7\u00f5es, o condutor do ve\u00edculo de marca\/modelo Honda Fit perdeu o controle da dire\u00e7\u00e3o, fazendo com que o autom\u00f3vel ca\u00edsse numa ribanceira, onde capotou.<\/p>\n\n\n\n<p><em>Fonte: euclidesdacunha.com.br<\/em><\/p>\n","protected":false},"excerpt":{"rendered":"<p>O ocupante de carro que morreu em acidente automobil\u00edstico no anel vi\u00e1rio da BA 220, trecho Euclides da Cunha\/Monte Santo, foi identificado pelo Departamento de Pol\u00edcia T\u00e9cnica. Trata-se de um jovem de 16 anos, identificado com Kaio dos Santos, morador do Bairro Pau Mi\u00fado, cidade de Euclides da Cunha.<\/p>\n","protected":false},"author":2,"featured_media":45495,"comment_status":"open","ping_status":"open","sticky":false,"template":"","format":"standard","meta":{"om_disable_all_campaigns":false,"_monsterinsights_skip_tracking":false,"_monsterinsights_sitenote_active":false,"_monsterinsights_sitenote_note":"","_monsterinsights_sitenote_category":0,"footnotes":""},"categories":[70,17,69,32],"tags":[166,527,129,393,169],"class_list":["post-45493","post","type-post","status-publish","format-standard","has-post-thumbnail","hentry","category-destaques","category-euclides-da-cunha","category-noticias2","category-regiao","tag-acidente","tag-ba-220","tag-euclides-da-cunha","tag-feridos","tag-morte"],"aioseo_notices":[],"_links":{"self":[{"href":"https:\/\/www.portalalerta.com.br\/index.php\/wp-json\/wp\/v2\/posts\/45493","targetHints":{"allow":["GET"]}}],"collection":[{"href":"https:\/\/www.portalalerta.com.br\/index.php\/wp-json\/wp\/v2\/posts"}],"about":[{"href":"https:\/\/www.portalalerta.com.br\/index.php\/wp-json\/wp\/v2\/types\/post"}],"author":[{"embeddable":true,"href":"https:\/\/www.portalalerta.com.br\/index.php\/wp-json\/wp\/v2\/users\/2"}],"replies":[{"embeddable":true,"href":"https:\/\/www.portalalerta.com.br\/index.php\/wp-json\/wp\/v2\/comments?post=45493"}],"version-history":[{"count":1,"href":"https:\/\/www.portalalerta.com.br\/index.php\/wp-json\/wp\/v2\/posts\/45493\/revisions"}],"predecessor-version":[{"id":45496,"href":"https:\/\/www.portalalerta.com.br\/index.php\/wp-json\/wp\/v2\/posts\/45493\/revisions\/45496"}],"wp:featuredmedia":[{"embeddable":true,"href":"https:\/\/www.portalalerta.com.br\/index.php\/wp-json\/wp\/v2\/media\/45495"}],"wp:attachment":[{"href":"https:\/\/www.portalalerta.com.br\/index.php\/wp-json\/wp\/v2\/media?parent=45493"}],"wp:term":[{"taxonomy":"category","embeddable":true,"href":"https:\/\/www.portalalerta.com.br\/index.php\/wp-json\/wp\/v2\/categories?post=45493"},{"taxonomy":"post_tag","embeddable":true,"href":"https:\/\/www.portalalerta.com.br\/index.php\/wp-json\/wp\/v2\/tags?post=45493"}],"curies":[{"name":"wp","href":"https:\/\/api.w.org\/{rel}","templated":true}]}}