{"id":45497,"date":"2022-11-03T16:09:39","date_gmt":"2022-11-03T19:09:39","guid":{"rendered":"https:\/\/www.portalalerta.com.br\/?p=45497"},"modified":"2022-11-03T16:10:00","modified_gmt":"2022-11-03T19:10:00","slug":"2-meses-antes-da-posse-deputados-bolsonaristas-querem-impeachment-de-lula","status":"publish","type":"post","link":"https:\/\/www.portalalerta.com.br\/index.php\/2022\/11\/03\/2-meses-antes-da-posse-deputados-bolsonaristas-querem-impeachment-de-lula\/","title":{"rendered":"2 meses antes da posse, deputados bolsonaristas querem &#8216;impeachment&#8217; de Lula"},"content":{"rendered":"\n<p>Um deputado federal eleito pelo PL usou as redes sociais para convocar outros parlamentares bolsonaristas e lutarem pelo impeachment de\u00a0Luiz In\u00e1cio Lula da Silva (PT), presidente da Rep\u00fablica eleito que s\u00f3 tomar\u00e1 posse em 1\u00ba de janeiro de 2023.<\/p>\n\n\n\n<!--more-->\n\n\n\n<p>Andr\u00e9 Fernandes (PL-CE) publicou no Twitter, na noite deste domingo (30), loco ap\u00f3s a vit\u00f3ria petista, um v\u00eddeo em que lembra o impedimento da ex-presidente Dilma Rousseff (PT), afastada do cargo em 2016. Segundo o parlamentar, \u00e9 poss\u00edvel repetir o feito com Lula.<\/p>\n\n\n\n<p><strong><em>\u201cN\u00e3o \u00e9 hora de des\u00e2nimo\u201d<\/em><\/strong>, inicia. <strong><em>\u201cSeis anos atr\u00e1s, nem existia direita no Brasil. Em 2018, Bolsonaro foi eleito contra tudo e contra todos. E de um simples presidente da Rep\u00fablica, se tornou o que \u00e9 hoje: o nosso maior l\u00edder\u201d<\/em><\/strong>, declara Fernandes.<\/p>\n\n\n\n<p><strong><em>\u201cTemos a maioria na C\u00e2mara Federal. A maioria no Senado Federal. Temos governadores em estados estrat\u00e9gicos, como, por exemplo, Tarcisio [de Freitas (Republicanos)] em S\u00e3o Paulo. Temos at\u00e9 ministros dentro do Supremo Tribunal Federal\u201d<\/em><\/strong>, adiciona.<\/p>\n\n\n\n<p>Ap\u00f3s o primeiro turno, somente o PL, partido do deputado eleito e de Bolsonaro, conseguiu alcan\u00e7ar 14 assentos no Senado e 99 na C\u00e2mara dos Deputados. Contando com os partidos aliados, o Congresso ter\u00e1 maioria conservadora no pr\u00f3ximo mandato.<\/p>\n\n\n\n<p><strong><em>\u201cEi, psiu, a nossa guerra apenas come\u00e7ou\u201d<\/em><\/strong>, garante Fernandes. O ex-youtuber que foi eleito na onda bolsonarista, em 2018, pede que a milit\u00e2ncia continue utilizando as camisas nas cores da bandeira do Brasil e diz que ser\u00e1 poss\u00edvel \u2018derrubar\u2019 Lula.<\/p>\n\n\n\n<p><strong><em>\u201cComo o deputado federal mais votado do estado do Cear\u00e1, convoco aqui os meus colegas deputados federais e senadores: vamos impitimar o Lula. Vamos continuar na luta pelo nosso Pa\u00eds\u201d<\/em><\/strong>, diz.<\/p>\n\n\n\n<p>Fernandes ainda tenta uma defesa do Nordeste, regi\u00e3o apontada como a que direciona mais votos a Lula.<\/p>\n\n\n\n<p><strong><em>\u201cO \u00faltimo recado: n\u00e3o vamos dividir o Brasil. Parem de querer colocar a elei\u00e7\u00e3o do Lula no Nordeste. Apenas um ter\u00e7o dos votos do Lula partiu daqui do Nordeste\u201d<\/em><\/strong>, afirma, pedindo uni\u00e3o <strong><em>\u201cem prol do Brasil\u201d<\/em><\/strong>.<\/p>\n\n\n\n<p>No fim do v\u00eddeo, o deputado repete o lema utilizado nas campanhas de Bolsonaro e sugere que estas continuar\u00e3o sendo as palavras de ordem dos bolsonaristas.<\/p>\n\n\n\n<p>O deputado federal Andr\u00e9 Janones (Avante-MG), apoiador de Lula, respondeu a publica\u00e7\u00e3o:<\/p>\n\n\n\n<p><strong><em>\u201cVoc\u00eas fazem isso pra gente rir de voc\u00eas como se j\u00e1 n\u00e3o tiv\u00e9ssemos pra t\u00e1 com um sorriso de orelha a orelha kkkkkkkk\u201d<\/em><\/strong>, debochou.<\/p>\n\n\n\n<blockquote class=\"twitter-tweet\"><p lang=\"pt\" dir=\"ltr\">IMPEACHMENT DO LULA!<br>Vamos juntos, Brasil! \ud83d\udc4a\ud83c\udffc\ud83c\udde7\ud83c\uddf7 <a href=\"https:\/\/t.co\/qWtoT0EQYS\">pic.twitter.com\/qWtoT0EQYS<\/a><\/p>&mdash; Andr\u00e9 Fernandes (@andrefernm) <a href=\"https:\/\/twitter.com\/andrefernm\/status\/1586867766845399040?ref_src=twsrc%5Etfw\">October 30, 2022<\/a><\/blockquote> <script async src=\"https:\/\/platform.twitter.com\/widgets.js\" charset=\"utf-8\"><\/script>\n\n\n\n<p>Fernandes n\u00e3o foi o \u00fanico a tentar puxar o coro de impedimento contra Lula antes mesmo da posse.<\/p>\n\n\n\n<p>O deputado eleito de Goi\u00e1s Gustavo Gayer defendeu um impeachment conjunto do presidente eleito Luiz In\u00e1cio Lula da Silva (PT) e seu vice Geraldo Alckmin (PSB) sem nenhum dos dois sequer tomar posse.<\/p>\n\n\n\n<p><strong><em>\u201cMais da metade do Congresso \u00e9 de direita. N\u00e3o vamos deixar Lula governar. Lula n\u00e3o vai durar muito tempo na Presid\u00eancia, e falo isso como deputado federal eleito que vai trabalhar ativamente pelo seu impeachment. E n\u00f3s vamos conseguir. E, se vier o Alckmin, n\u00f3s vamos fazer o impeachment do Alkckmin tamb\u00e9m\u201d<\/em><\/strong>, disse Gayer em um v\u00eddeo publicado na manh\u00e3 desta segunda (31), nas redes sociais.<\/p>\n\n\n\n<p><em>Fonte: Yahoo Not\u00edcias<\/em><\/p>\n","protected":false},"excerpt":{"rendered":"<p>Um deputado federal eleito pelo PL usou as redes sociais para convocar outros parlamentares bolsonaristas e lutarem pelo impeachment de\u00a0Luiz In\u00e1cio Lula da Silva (PT), presidente da Rep\u00fablica eleito que s\u00f3 tomar\u00e1 posse em 1\u00ba de janeiro de 2023.<\/p>\n","protected":false},"author":2,"featured_media":45498,"comment_status":"open","ping_status":"open","sticky":false,"template":"","format":"standard","meta":{"om_disable_all_campaigns":false,"_monsterinsights_skip_tracking":false,"_monsterinsights_sitenote_active":false,"_monsterinsights_sitenote_note":"","_monsterinsights_sitenote_category":0,"footnotes":""},"categories":[34,70,69,21],"tags":[100,5682,71,48,4179,93,75,4178,4180,215,129,107,4181,988,132,230,303,3828,106,203,120,51,109,88,47,111,190],"class_list":["post-45497","post","type-post","status-publish","format-standard","has-post-thumbnail","hentry","category-brasil","category-destaques","category-noticias2","category-politica","tag-adustina","tag-andre-fernandes","tag-antas","tag-araci","tag-banzae-2","tag-brasil","tag-cicero-dantas","tag-cipo-2","tag-crisopolis-2","tag-deputado-federal","tag-euclides-da-cunha","tag-fatima","tag-heliopolis-2","tag-impeachment","tag-itapicuru","tag-jeremoabo","tag-lula","tag-noticias","tag-nova-soure","tag-novo-triunfo","tag-olindina","tag-paripiranga","tag-quijingue","tag-ribeira-do-amparo","tag-ribeira-do-pombal","tag-sitio-do-quinto","tag-tucano"],"aioseo_notices":[],"_links":{"self":[{"href":"https:\/\/www.portalalerta.com.br\/index.php\/wp-json\/wp\/v2\/posts\/45497","targetHints":{"allow":["GET"]}}],"collection":[{"href":"https:\/\/www.portalalerta.com.br\/index.php\/wp-json\/wp\/v2\/posts"}],"about":[{"href":"https:\/\/www.portalalerta.com.br\/index.php\/wp-json\/wp\/v2\/types\/post"}],"author":[{"embeddable":true,"href":"https:\/\/www.portalalerta.com.br\/index.php\/wp-json\/wp\/v2\/users\/2"}],"replies":[{"embeddable":true,"href":"https:\/\/www.portalalerta.com.br\/index.php\/wp-json\/wp\/v2\/comments?post=45497"}],"version-history":[{"count":1,"href":"https:\/\/www.portalalerta.com.br\/index.php\/wp-json\/wp\/v2\/posts\/45497\/revisions"}],"predecessor-version":[{"id":45499,"href":"https:\/\/www.portalalerta.com.br\/index.php\/wp-json\/wp\/v2\/posts\/45497\/revisions\/45499"}],"wp:featuredmedia":[{"embeddable":true,"href":"https:\/\/www.portalalerta.com.br\/index.php\/wp-json\/wp\/v2\/media\/45498"}],"wp:attachment":[{"href":"https:\/\/www.portalalerta.com.br\/index.php\/wp-json\/wp\/v2\/media?parent=45497"}],"wp:term":[{"taxonomy":"category","embeddable":true,"href":"https:\/\/www.portalalerta.com.br\/index.php\/wp-json\/wp\/v2\/categories?post=45497"},{"taxonomy":"post_tag","embeddable":true,"href":"https:\/\/www.portalalerta.com.br\/index.php\/wp-json\/wp\/v2\/tags?post=45497"}],"curies":[{"name":"wp","href":"https:\/\/api.w.org\/{rel}","templated":true}]}}