{"id":45505,"date":"2022-11-03T21:01:36","date_gmt":"2022-11-04T00:01:36","guid":{"rendered":"https:\/\/www.portalalerta.com.br\/?p=45505"},"modified":"2022-11-04T01:41:30","modified_gmt":"2022-11-04T04:41:30","slug":"diplomacao-de-eleitos-deve-ocorrer-ate-19-de-dezembro-informa-tse","status":"publish","type":"post","link":"https:\/\/www.portalalerta.com.br\/index.php\/2022\/11\/03\/diplomacao-de-eleitos-deve-ocorrer-ate-19-de-dezembro-informa-tse\/","title":{"rendered":"Diploma\u00e7\u00e3o de eleitos deve ocorrer at\u00e9 19 de dezembro, informa TSE"},"content":{"rendered":"\n<p>O Tribunal Superior Eleitoral (TSE) informou\u00a0na \u00faltima segunda-feira (31) que a diploma\u00e7\u00e3o dos candidatos eleitos deve ocorrer at\u00e9\u00a019 de dezembro, conforme a legisla\u00e7\u00e3o eleitoral.\u00a0<\/p>\n\n\n\n<!--more-->\n\n\n\n<div class=\"wp-block-image\"><figure class=\"alignleft size-full is-resized\"><img fetchpriority=\"high\" decoding=\"async\" src=\"https:\/\/www.portalalerta.com.br\/wp-content\/uploads\/2022\/03\/Cred-Real.1.jpg\" alt=\"\" class=\"wp-image-41523\" width=\"432\" height=\"346\" srcset=\"https:\/\/www.portalalerta.com.br\/wp-content\/uploads\/2022\/03\/Cred-Real.1.jpg 500w, https:\/\/www.portalalerta.com.br\/wp-content\/uploads\/2022\/03\/Cred-Real.1-300x240.jpg 300w, https:\/\/www.portalalerta.com.br\/wp-content\/uploads\/2022\/03\/Cred-Real.1-183x146.jpg 183w, https:\/\/www.portalalerta.com.br\/wp-content\/uploads\/2022\/03\/Cred-Real.1-50x40.jpg 50w, https:\/\/www.portalalerta.com.br\/wp-content\/uploads\/2022\/03\/Cred-Real.1-94x75.jpg 94w\" sizes=\"(max-width: 432px) 100vw, 432px\" \/><\/figure><\/div>\n\n\n\n<p>O TSE ser\u00e1 respons\u00e1vel pela diploma\u00e7\u00e3o de Luiz In\u00e1cio Lula da Silva e Geraldo Alckmin, eleitos&nbsp;ontem&nbsp;(30) para os cargos de presidente da Republica e vice-presidente. A data da cerim\u00f4nia de diploma\u00e7\u00e3o ainda n\u00e3o foi marcada.&nbsp;<\/p>\n\n\n\n<p>Os eleitos para os cargos de governador, senador, deputado federal, estadual e distrital ser\u00e3o diplomados pelos tribunais regionais eleitorais (TREs), sediados nos 26 estados e no Distrito Federal. A data-limite tamb\u00e9m \u00e9&nbsp;19 de dezembro.&nbsp;<\/p>\n\n\n\n<p>O diploma expedido pela Justi\u00e7a Eleitoral \u00e9 o documento oficial que atesta a vit\u00f3ria do candidato nas urnas e autoriza a posse. O presidente da Rep\u00fablica e os governadores tomar\u00e3o posse em 1\u00ba de janeiro. A posse dos parlamentares eleitos ser\u00e1 em 1\u00ba de fevereiro.&nbsp;<\/p>\n\n\n\n<p><em>Fonte: Ag\u00eancia Brasil<\/em><\/p>\n","protected":false},"excerpt":{"rendered":"<p>O Tribunal Superior Eleitoral (TSE) informou\u00a0na \u00faltima segunda-feira (31) que a diploma\u00e7\u00e3o dos candidatos eleitos deve ocorrer at\u00e9\u00a019 de dezembro, conforme a legisla\u00e7\u00e3o eleitoral.\u00a0<\/p>\n","protected":false},"author":2,"featured_media":39307,"comment_status":"open","ping_status":"open","sticky":false,"template":"","format":"standard","meta":{"om_disable_all_campaigns":false,"_monsterinsights_skip_tracking":false,"_monsterinsights_sitenote_active":false,"_monsterinsights_sitenote_note":"","_monsterinsights_sitenote_category":0,"footnotes":""},"categories":[34,70,69,21],"tags":[100,71,48,4179,93,75,4178,4180,1211,3181,129,107,4181,132,230,3828,106,203,120,51,199,109,88,47,111],"class_list":["post-45505","post","type-post","status-publish","format-standard","has-post-thumbnail","hentry","category-brasil","category-destaques","category-noticias2","category-politica","tag-adustina","tag-antas","tag-araci","tag-banzae-2","tag-brasil","tag-cicero-dantas","tag-cipo-2","tag-crisopolis-2","tag-diplomacao","tag-eleicoes-2022","tag-euclides-da-cunha","tag-fatima","tag-heliopolis-2","tag-itapicuru","tag-jeremoabo","tag-noticias","tag-nova-soure","tag-novo-triunfo","tag-olindina","tag-paripiranga","tag-politica","tag-quijingue","tag-ribeira-do-amparo","tag-ribeira-do-pombal","tag-sitio-do-quinto"],"aioseo_notices":[],"_links":{"self":[{"href":"https:\/\/www.portalalerta.com.br\/index.php\/wp-json\/wp\/v2\/posts\/45505","targetHints":{"allow":["GET"]}}],"collection":[{"href":"https:\/\/www.portalalerta.com.br\/index.php\/wp-json\/wp\/v2\/posts"}],"about":[{"href":"https:\/\/www.portalalerta.com.br\/index.php\/wp-json\/wp\/v2\/types\/post"}],"author":[{"embeddable":true,"href":"https:\/\/www.portalalerta.com.br\/index.php\/wp-json\/wp\/v2\/users\/2"}],"replies":[{"embeddable":true,"href":"https:\/\/www.portalalerta.com.br\/index.php\/wp-json\/wp\/v2\/comments?post=45505"}],"version-history":[{"count":2,"href":"https:\/\/www.portalalerta.com.br\/index.php\/wp-json\/wp\/v2\/posts\/45505\/revisions"}],"predecessor-version":[{"id":45516,"href":"https:\/\/www.portalalerta.com.br\/index.php\/wp-json\/wp\/v2\/posts\/45505\/revisions\/45516"}],"wp:featuredmedia":[{"embeddable":true,"href":"https:\/\/www.portalalerta.com.br\/index.php\/wp-json\/wp\/v2\/media\/39307"}],"wp:attachment":[{"href":"https:\/\/www.portalalerta.com.br\/index.php\/wp-json\/wp\/v2\/media?parent=45505"}],"wp:term":[{"taxonomy":"category","embeddable":true,"href":"https:\/\/www.portalalerta.com.br\/index.php\/wp-json\/wp\/v2\/categories?post=45505"},{"taxonomy":"post_tag","embeddable":true,"href":"https:\/\/www.portalalerta.com.br\/index.php\/wp-json\/wp\/v2\/tags?post=45505"}],"curies":[{"name":"wp","href":"https:\/\/api.w.org\/{rel}","templated":true}]}}