{"id":45507,"date":"2022-11-03T21:10:35","date_gmt":"2022-11-04T00:10:35","guid":{"rendered":"https:\/\/www.portalalerta.com.br\/?p=45507"},"modified":"2022-11-03T21:10:36","modified_gmt":"2022-11-04T00:10:36","slug":"carro-da-prefeitura-de-quijingue-ba-capota-e-deixa-um-morto-na-br-116","status":"publish","type":"post","link":"https:\/\/www.portalalerta.com.br\/index.php\/2022\/11\/03\/carro-da-prefeitura-de-quijingue-ba-capota-e-deixa-um-morto-na-br-116\/","title":{"rendered":"Carro da prefeitura de Quijingue-BA capota e deixa um morto na BR-116"},"content":{"rendered":"\n<p>Ve\u00edculo realizava o transporte de pacientes do munic\u00edpio baiano para tratamento em Salvador<\/p>\n\n\n\n<!--more-->\n\n\n\n<p>Um acidente, envolvendo um carro da prefeitura de Quijingue, deixou uma pessoa morta e outras quatro feridas na manh\u00e3 desta quinta-feira (03) na BR-116, em trecho do munic\u00edpio de Santa B\u00e1rbara, no Centro-Norte da Bahia.<\/p>\n\n\n\n<p>De acordo com a Pol\u00edcia Rodovi\u00e1ria Federal (PRF), o ve\u00edculo, que fazia transporte de pacientes para Salvador, capotou na altura do Km 383 por volta das 4h30 da manh\u00e3. Leon\u00eddio Soares Barreto, condutor do autom\u00f3vel, n\u00e3o resistiu aos ferimentos e morreu no local. Os demais passageiros foram socorridos e encaminhados para um hospital da regi\u00e3o. N\u00e3o h\u00e1 informa\u00e7\u00f5es sobre o estado de sa\u00fade das v\u00edtimas.<\/p>\n\n\n\n<div class=\"wp-block-image\"><figure class=\"aligncenter size-large\"><img fetchpriority=\"high\" decoding=\"async\" width=\"823\" height=\"1024\" src=\"https:\/\/www.portalalerta.com.br\/wp-content\/uploads\/2022\/11\/acidente-com-veiculo-da-prefeitura-de-Quijingue-2022-823x1024.jpg\" alt=\"\" class=\"wp-image-45508\" srcset=\"https:\/\/www.portalalerta.com.br\/wp-content\/uploads\/2022\/11\/acidente-com-veiculo-da-prefeitura-de-Quijingue-2022-823x1024.jpg 823w, https:\/\/www.portalalerta.com.br\/wp-content\/uploads\/2022\/11\/acidente-com-veiculo-da-prefeitura-de-Quijingue-2022-193x240.jpg 193w, https:\/\/www.portalalerta.com.br\/wp-content\/uploads\/2022\/11\/acidente-com-veiculo-da-prefeitura-de-Quijingue-2022-768x956.jpg 768w, https:\/\/www.portalalerta.com.br\/wp-content\/uploads\/2022\/11\/acidente-com-veiculo-da-prefeitura-de-Quijingue-2022.jpg 1125w\" sizes=\"(max-width: 823px) 100vw, 823px\" \/><\/figure><\/div>\n\n\n\n<p>As causas do acidente ainda s\u00e3o desconhecidas e devem ser apuradas pela Pol\u00edcia Civil.<\/p>\n\n\n\n<p><em>Fonte: A tarde<\/em><\/p>\n\n\n\n<p><em>Imagem: euclidesdacunha.com<\/em><\/p>\n","protected":false},"excerpt":{"rendered":"<p>Ve\u00edculo realizava o transporte de pacientes do munic\u00edpio baiano para tratamento em Salvador<\/p>\n","protected":false},"author":2,"featured_media":45509,"comment_status":"open","ping_status":"open","sticky":false,"template":"","format":"standard","meta":{"om_disable_all_campaigns":false,"_monsterinsights_skip_tracking":false,"_monsterinsights_sitenote_active":false,"_monsterinsights_sitenote_note":"","_monsterinsights_sitenote_category":0,"footnotes":""},"categories":[70,69,43,32],"tags":[166,289,169,109,290],"class_list":["post-45507","post","type-post","status-publish","format-standard","has-post-thumbnail","hentry","category-destaques","category-noticias2","category-quijingue","category-regiao","tag-acidente","tag-br-116","tag-morte","tag-quijingue","tag-santa-barbara"],"aioseo_notices":[],"_links":{"self":[{"href":"https:\/\/www.portalalerta.com.br\/index.php\/wp-json\/wp\/v2\/posts\/45507","targetHints":{"allow":["GET"]}}],"collection":[{"href":"https:\/\/www.portalalerta.com.br\/index.php\/wp-json\/wp\/v2\/posts"}],"about":[{"href":"https:\/\/www.portalalerta.com.br\/index.php\/wp-json\/wp\/v2\/types\/post"}],"author":[{"embeddable":true,"href":"https:\/\/www.portalalerta.com.br\/index.php\/wp-json\/wp\/v2\/users\/2"}],"replies":[{"embeddable":true,"href":"https:\/\/www.portalalerta.com.br\/index.php\/wp-json\/wp\/v2\/comments?post=45507"}],"version-history":[{"count":1,"href":"https:\/\/www.portalalerta.com.br\/index.php\/wp-json\/wp\/v2\/posts\/45507\/revisions"}],"predecessor-version":[{"id":45510,"href":"https:\/\/www.portalalerta.com.br\/index.php\/wp-json\/wp\/v2\/posts\/45507\/revisions\/45510"}],"wp:featuredmedia":[{"embeddable":true,"href":"https:\/\/www.portalalerta.com.br\/index.php\/wp-json\/wp\/v2\/media\/45509"}],"wp:attachment":[{"href":"https:\/\/www.portalalerta.com.br\/index.php\/wp-json\/wp\/v2\/media?parent=45507"}],"wp:term":[{"taxonomy":"category","embeddable":true,"href":"https:\/\/www.portalalerta.com.br\/index.php\/wp-json\/wp\/v2\/categories?post=45507"},{"taxonomy":"post_tag","embeddable":true,"href":"https:\/\/www.portalalerta.com.br\/index.php\/wp-json\/wp\/v2\/tags?post=45507"}],"curies":[{"name":"wp","href":"https:\/\/api.w.org\/{rel}","templated":true}]}}