{"id":45511,"date":"2022-11-03T21:19:04","date_gmt":"2022-11-04T00:19:04","guid":{"rendered":"https:\/\/www.portalalerta.com.br\/?p=45511"},"modified":"2022-11-03T21:19:06","modified_gmt":"2022-11-04T00:19:06","slug":"alckmin-propoe-pec-da-transicao-para-modificar-orcamento-de-bolsonaro","status":"publish","type":"post","link":"https:\/\/www.portalalerta.com.br\/index.php\/2022\/11\/03\/alckmin-propoe-pec-da-transicao-para-modificar-orcamento-de-bolsonaro\/","title":{"rendered":"Alckmin prop\u00f5e \u201cPEC da Transi\u00e7\u00e3o\u201d para modificar or\u00e7amento de Bolsonaro"},"content":{"rendered":"\n<p>Vice-presidente eleito e respons\u00e1vel pela transi\u00e7\u00e3o entre governos, Geraldo Alckmin (PSB) anunciou, ao lado do senador Marcelo Castro, a proposi\u00e7\u00e3o de uma Proposta de Emenda \u00e0 Constitui\u00e7\u00e3o, para modificar o or\u00e7amento do governo de Jair Bolsonaro (PL) para 2023.<\/p>\n\n\n\n<!--more-->\n\n\n\n<p>A <strong><em>\u201cPEC da Transi\u00e7\u00e3o\u201d<\/em><\/strong> seria uma forma de redefinir os valores a serem gastos no pr\u00f3ximo ano, com o objetivo de criar o Bolsa Fam\u00edlia com valor definitivo de R$ 600 e n\u00e3o paralisar obras e servi\u00e7os p\u00fablicos.<\/p>\n\n\n\n<p><strong><em>\u201cAgradecer ao senador Marcelo Castro, que \u00e9 o relator do or\u00e7amento do pr\u00f3ximo ano, agradecer a boa vontade dele. N\u00f3s vamos tamb\u00e9m, senador Marcelo, procurar o relator da comiss\u00e3o mista de or\u00e7amento, Celso Sabino, e vamos conversar tamb\u00e9m com os presidentes da C\u00e2mara e do Senado. O senador Marcelo Castro fez um trabalho muito importante, ent\u00e3o, combinamos de, na pr\u00f3xima ter\u00e7a-feira, nos encontrarmos novamente para detalharmos as necessidades\u201d<\/em><\/strong>, afirmou Alckmin, em coletiva nesta quinta-feira (3).<\/p>\n\n\n\n<div class=\"wp-block-image\"><figure class=\"alignleft size-full is-resized\"><img fetchpriority=\"high\" decoding=\"async\" src=\"https:\/\/www.portalalerta.com.br\/wp-content\/uploads\/2021\/04\/ELAB.jpg\" alt=\"\" class=\"wp-image-34795\" width=\"390\" height=\"311\" srcset=\"https:\/\/www.portalalerta.com.br\/wp-content\/uploads\/2021\/04\/ELAB.jpg 1000w, https:\/\/www.portalalerta.com.br\/wp-content\/uploads\/2021\/04\/ELAB-300x240.jpg 300w, https:\/\/www.portalalerta.com.br\/wp-content\/uploads\/2021\/04\/ELAB-768x614.jpg 768w, https:\/\/www.portalalerta.com.br\/wp-content\/uploads\/2021\/04\/ELAB-183x146.jpg 183w, https:\/\/www.portalalerta.com.br\/wp-content\/uploads\/2021\/04\/ELAB-50x40.jpg 50w, https:\/\/www.portalalerta.com.br\/wp-content\/uploads\/2021\/04\/ELAB-94x75.jpg 94w\" sizes=\"(max-width: 390px) 100vw, 390px\" \/><\/figure><\/div>\n\n\n\n<p><strong><em>\u201cA preocupa\u00e7\u00e3o \u00e9, primeiro, em manter o Bolsa Fam\u00edlia de R$ 600 para paga-lo em janeiro. A necessidade \u00e9 de at\u00e9 15 de dezembro termos a autoriza\u00e7\u00e3o para a chamada PEC da transi\u00e7\u00e3o e a lei or\u00e7ament\u00e1ria, e n\u00e3o ter interrup\u00e7\u00e3o de servi\u00e7os e obras. Garantir o or\u00e7amento para n\u00e3o ter interrup\u00e7\u00e3o de servi\u00e7os p\u00fablicos e obras p\u00fablicas, isso n\u00e3o est\u00e1 adequado no or\u00e7amento enviado ao Congresso Nacional.\u201d<\/em><\/strong><\/p>\n\n\n\n<p>A sinaliza\u00e7\u00e3o \u00e9 de que o principal programa de transfer\u00eancia de renda do Brasil n\u00e3o dever\u00e1 seguir com o nome <strong><em>\u201cAux\u00edlio Brasil\u201d<\/em><\/strong>, substituto do governo Bolsonaro para o Bolsa Fam\u00edlia.<\/p>\n\n\n\n<p>Segundo Alckmin, ainda n\u00e3o foram discutidos valores de mudan\u00e7a do or\u00e7amento previsto. Isso dever\u00e1 ser definido na semana que vem.<\/p>\n\n\n\n<p><strong><em>\u201cV\u00e3o sugerir uma PEC emergencial de transi\u00e7\u00e3o, excepcionalizando do teto de gastos despesas que s\u00e3o inadi\u00e1veis, como o Bolsa Fam\u00edlia no valor de R$ 600\u201d<\/em><\/strong>, detalhou Marcelo Castro, senador relator do or\u00e7amento.<\/p>\n\n\n\n<p><strong>Lula em Bras\u00edlia<\/strong><\/p>\n\n\n\n<p>O\u00a0presidente eleito Luiz In\u00e1cio Lula da Silva (PT) ter\u00e1 uma s\u00e9rie de reuni\u00f5es em Bras\u00edlia na pr\u00f3xima semana. A ideia de Lula \u00e9, a partir da pr\u00f3xima segunda-feira (7), cumprir compromissos na capital federal.<\/p>\n\n\n\n<p>Na ter\u00e7a, o petista vai se encontrar com a ministra Rosa Weber, presidente do Supremo Tribunal Federal, com Rodrigo Pacheco (PSD-MG), presidente do Senado e do Congresso, e com Arthur Lira (PP-AL), presidente da C\u00e2mara dos Deputados.<\/p>\n\n\n\n<p>Segundo informa\u00e7\u00f5es do portal Metr\u00f3poles, a ideia de Lula com os encontros \u00e9 fortalecer a \u201cestabilidade institucional\u201d.<\/p>\n\n\n\n<p><em>Fonte: Yahoo Not\u00edcias<\/em><\/p>\n","protected":false},"excerpt":{"rendered":"<p>Vice-presidente eleito e respons\u00e1vel pela transi\u00e7\u00e3o entre governos, Geraldo Alckmin (PSB) anunciou, ao lado do senador Marcelo Castro, a proposi\u00e7\u00e3o de uma Proposta de Emenda \u00e0 Constitui\u00e7\u00e3o, para modificar o or\u00e7amento do governo de Jair Bolsonaro (PL) para 2023.<\/p>\n","protected":false},"author":2,"featured_media":45512,"comment_status":"open","ping_status":"open","sticky":false,"template":"","format":"standard","meta":{"om_disable_all_campaigns":false,"_monsterinsights_skip_tracking":false,"_monsterinsights_sitenote_active":false,"_monsterinsights_sitenote_note":"","_monsterinsights_sitenote_category":0,"footnotes":""},"categories":[34,70,69,21],"tags":[100,71,48,4179,93,75,4178,4180,129,107,898,4181,132,230,3828,106,203,120,293,51,109,88,47,111,4014,190],"class_list":["post-45511","post","type-post","status-publish","format-standard","has-post-thumbnail","hentry","category-brasil","category-destaques","category-noticias2","category-politica","tag-adustina","tag-antas","tag-araci","tag-banzae-2","tag-brasil","tag-cicero-dantas","tag-cipo-2","tag-crisopolis-2","tag-euclides-da-cunha","tag-fatima","tag-geraldo-alckimin","tag-heliopolis-2","tag-itapicuru","tag-jeremoabo","tag-noticias","tag-nova-soure","tag-novo-triunfo","tag-olindina","tag-orcamento","tag-paripiranga","tag-quijingue","tag-ribeira-do-amparo","tag-ribeira-do-pombal","tag-sitio-do-quinto","tag-transicao","tag-tucano"],"aioseo_notices":[],"_links":{"self":[{"href":"https:\/\/www.portalalerta.com.br\/index.php\/wp-json\/wp\/v2\/posts\/45511","targetHints":{"allow":["GET"]}}],"collection":[{"href":"https:\/\/www.portalalerta.com.br\/index.php\/wp-json\/wp\/v2\/posts"}],"about":[{"href":"https:\/\/www.portalalerta.com.br\/index.php\/wp-json\/wp\/v2\/types\/post"}],"author":[{"embeddable":true,"href":"https:\/\/www.portalalerta.com.br\/index.php\/wp-json\/wp\/v2\/users\/2"}],"replies":[{"embeddable":true,"href":"https:\/\/www.portalalerta.com.br\/index.php\/wp-json\/wp\/v2\/comments?post=45511"}],"version-history":[{"count":1,"href":"https:\/\/www.portalalerta.com.br\/index.php\/wp-json\/wp\/v2\/posts\/45511\/revisions"}],"predecessor-version":[{"id":45513,"href":"https:\/\/www.portalalerta.com.br\/index.php\/wp-json\/wp\/v2\/posts\/45511\/revisions\/45513"}],"wp:featuredmedia":[{"embeddable":true,"href":"https:\/\/www.portalalerta.com.br\/index.php\/wp-json\/wp\/v2\/media\/45512"}],"wp:attachment":[{"href":"https:\/\/www.portalalerta.com.br\/index.php\/wp-json\/wp\/v2\/media?parent=45511"}],"wp:term":[{"taxonomy":"category","embeddable":true,"href":"https:\/\/www.portalalerta.com.br\/index.php\/wp-json\/wp\/v2\/categories?post=45511"},{"taxonomy":"post_tag","embeddable":true,"href":"https:\/\/www.portalalerta.com.br\/index.php\/wp-json\/wp\/v2\/tags?post=45511"}],"curies":[{"name":"wp","href":"https:\/\/api.w.org\/{rel}","templated":true}]}}