{"id":45537,"date":"2022-11-05T18:38:28","date_gmt":"2022-11-05T21:38:28","guid":{"rendered":"https:\/\/www.portalalerta.com.br\/?p=45537"},"modified":"2022-11-05T18:38:29","modified_gmt":"2022-11-05T21:38:29","slug":"barroso-e-xingado-e-perseguido-por-bolsonaristas-em-santa-catarina","status":"publish","type":"post","link":"https:\/\/www.portalalerta.com.br\/index.php\/2022\/11\/05\/barroso-e-xingado-e-perseguido-por-bolsonaristas-em-santa-catarina\/","title":{"rendered":"Barroso \u00e9 xingado e perseguido por bolsonaristas em Santa Catarina"},"content":{"rendered":"\n<p>Nos arredores da casa em que estava hospedado, os manifestantes cantaram o hino nacional e afirmaram que o ministro n\u00e3o \u00e9 bem-vindo na vizinhan\u00e7a<\/p>\n\n\n\n<!--more-->\n\n\n\n<p>A Pol\u00edcia Militar foi acionada para ajudar o ministro Lu\u00eds Roberto Barroso, do Supremo Tribunal Federal (STF), a se afastar de um grupo de apoiadores do presidente Jair Bolsonaro (PL), em Santa Catarina, na noite da \u00faltima quinta-feira (3). O magistrado foi reconhecido enquanto jantava num restaurante da cidade de Porto Belo.<\/p>\n\n\n\n<div class=\"wp-block-image\"><figure class=\"alignleft size-full is-resized\"><img fetchpriority=\"high\" decoding=\"async\" src=\"https:\/\/www.portalalerta.com.br\/wp-content\/uploads\/2021\/04\/ELAB.jpg\" alt=\"\" class=\"wp-image-34795\" width=\"391\" height=\"312\" srcset=\"https:\/\/www.portalalerta.com.br\/wp-content\/uploads\/2021\/04\/ELAB.jpg 1000w, https:\/\/www.portalalerta.com.br\/wp-content\/uploads\/2021\/04\/ELAB-300x240.jpg 300w, https:\/\/www.portalalerta.com.br\/wp-content\/uploads\/2021\/04\/ELAB-768x614.jpg 768w, https:\/\/www.portalalerta.com.br\/wp-content\/uploads\/2021\/04\/ELAB-183x146.jpg 183w, https:\/\/www.portalalerta.com.br\/wp-content\/uploads\/2021\/04\/ELAB-50x40.jpg 50w, https:\/\/www.portalalerta.com.br\/wp-content\/uploads\/2021\/04\/ELAB-94x75.jpg 94w\" sizes=\"(max-width: 391px) 100vw, 391px\" \/><\/figure><\/div>\n\n\n\n<p>Durante cerca de 20 minutos no local, Barroso foi vaiado, chamado de comunista e xingado de <strong><em>&#8220;lixo&#8221;<\/em><\/strong>, <strong><em>&#8220;vagabundo&#8221;<\/em><\/strong> e <strong><em>&#8220;ladr\u00e3o&#8221;<\/em><\/strong>. Nos arredores da casa em que estava hospedado, os manifestantes entoaram palavras de ordem contra o STF, cantaram o hino nacional e afirmaram que o ministro n\u00e3o \u00e9 bem-vindo na vizinhan\u00e7a. As informa\u00e7\u00f5es s\u00e3o do jornal Folha de S.Paulo.<\/p>\n\n\n\n<p>Segundo a PM, a manifesta\u00e7\u00e3o contra o ministro foi realizada de forma <strong><em>&#8220;pac\u00edfica e ordeira&#8221;<\/em><\/strong> e <strong><em>&#8220;a autoridade deixou o local sem nenhum tipo de conflito mais grave&#8221;<\/em><\/strong>.<\/p>\n\n\n\n<p><strong><em>&#8220;A democracia comporta manifesta\u00e7\u00f5es pac\u00edficas de inconformismo, mas imp\u00f5e a todos os cidad\u00e3os o respeito ao resultado das urnas. O desrespeito \u00e0s institui\u00e7\u00f5es e \u00e0s pessoas, assim como as amea\u00e7as de viol\u00eancia, n\u00e3o fazem bem a nenhuma causa e atrasam o pa\u00eds, que precisa de ordem e paz para progredirmos&#8221;<\/em><\/strong>, diz a nota do ministro enviada ao portal Uol.&nbsp;<\/p>\n\n\n\n<p><em>Fonte: Metro1<\/em><\/p>\n","protected":false},"excerpt":{"rendered":"<p>Nos arredores da casa em que estava hospedado, os manifestantes cantaram o hino nacional e afirmaram que o ministro n\u00e3o \u00e9 bem-vindo na vizinhan\u00e7a<\/p>\n","protected":false},"author":2,"featured_media":18650,"comment_status":"open","ping_status":"open","sticky":false,"template":"","format":"standard","meta":{"om_disable_all_campaigns":false,"_monsterinsights_skip_tracking":false,"_monsterinsights_sitenote_active":false,"_monsterinsights_sitenote_note":"","_monsterinsights_sitenote_category":0,"footnotes":""},"categories":[34,70,69],"tags":[100,71,48,4179,93,75,4178,4180,129,107,4181,132,230,805,561,3828,106,203,120,51,109,88,47,111,216,190],"class_list":["post-45537","post","type-post","status-publish","format-standard","has-post-thumbnail","hentry","category-brasil","category-destaques","category-noticias2","tag-adustina","tag-antas","tag-araci","tag-banzae-2","tag-brasil","tag-cicero-dantas","tag-cipo-2","tag-crisopolis-2","tag-euclides-da-cunha","tag-fatima","tag-heliopolis-2","tag-itapicuru","tag-jeremoabo","tag-luiz-roberto-barroso","tag-ministro","tag-noticias","tag-nova-soure","tag-novo-triunfo","tag-olindina","tag-paripiranga","tag-quijingue","tag-ribeira-do-amparo","tag-ribeira-do-pombal","tag-sitio-do-quinto","tag-stf","tag-tucano"],"aioseo_notices":[],"_links":{"self":[{"href":"https:\/\/www.portalalerta.com.br\/index.php\/wp-json\/wp\/v2\/posts\/45537","targetHints":{"allow":["GET"]}}],"collection":[{"href":"https:\/\/www.portalalerta.com.br\/index.php\/wp-json\/wp\/v2\/posts"}],"about":[{"href":"https:\/\/www.portalalerta.com.br\/index.php\/wp-json\/wp\/v2\/types\/post"}],"author":[{"embeddable":true,"href":"https:\/\/www.portalalerta.com.br\/index.php\/wp-json\/wp\/v2\/users\/2"}],"replies":[{"embeddable":true,"href":"https:\/\/www.portalalerta.com.br\/index.php\/wp-json\/wp\/v2\/comments?post=45537"}],"version-history":[{"count":1,"href":"https:\/\/www.portalalerta.com.br\/index.php\/wp-json\/wp\/v2\/posts\/45537\/revisions"}],"predecessor-version":[{"id":45538,"href":"https:\/\/www.portalalerta.com.br\/index.php\/wp-json\/wp\/v2\/posts\/45537\/revisions\/45538"}],"wp:featuredmedia":[{"embeddable":true,"href":"https:\/\/www.portalalerta.com.br\/index.php\/wp-json\/wp\/v2\/media\/18650"}],"wp:attachment":[{"href":"https:\/\/www.portalalerta.com.br\/index.php\/wp-json\/wp\/v2\/media?parent=45537"}],"wp:term":[{"taxonomy":"category","embeddable":true,"href":"https:\/\/www.portalalerta.com.br\/index.php\/wp-json\/wp\/v2\/categories?post=45537"},{"taxonomy":"post_tag","embeddable":true,"href":"https:\/\/www.portalalerta.com.br\/index.php\/wp-json\/wp\/v2\/tags?post=45537"}],"curies":[{"name":"wp","href":"https:\/\/api.w.org\/{rel}","templated":true}]}}