{"id":45539,"date":"2022-11-05T18:48:47","date_gmt":"2022-11-05T21:48:47","guid":{"rendered":"https:\/\/www.portalalerta.com.br\/?p=45539"},"modified":"2022-11-05T18:48:48","modified_gmt":"2022-11-05T21:48:48","slug":"jeremoabo-ba-impasse-resolvido-e-camara-e-prefeitura-fecham-acordo-para-votacao-do-credito-suplementar","status":"publish","type":"post","link":"https:\/\/www.portalalerta.com.br\/index.php\/2022\/11\/05\/jeremoabo-ba-impasse-resolvido-e-camara-e-prefeitura-fecham-acordo-para-votacao-do-credito-suplementar\/","title":{"rendered":"Jeremoabo-BA: impasse resolvido e C\u00e2mara e Prefeitura fecham acordo para vota\u00e7\u00e3o do cr\u00e9dito suplementar"},"content":{"rendered":"\n<p>A novela que j\u00e1 durava alguns dias foi finalmente solucionada, ap\u00f3s a C\u00e2mara Municipal de Jeremoabo-BA e o Prefeito Municipal, Deri do Paloma, chegarem a um acordo, com a aprova\u00e7\u00e3o da suplementa\u00e7\u00e3o solicitada pela Gest\u00e3o.<\/p>\n\n\n\n<!--more-->\n\n\n\n<p>O acordo vai possibilitar o cumprimento de obriga\u00e7\u00f5es como sal\u00e1rios, alugu\u00e9is, fornecedores e prestados de servi\u00e7os que estavam sem receber em fun\u00e7\u00e3o deste impasse, j\u00e1 que a Prefeitura alegava ter dinheiro suficiente para cumprimento das obriga\u00e7\u00f5es, mas faltava o or\u00e7amento.<\/p>\n\n\n\n<p>O acordo foi firmado formalmente em \u201cTermo de Compromisso\u201d (veja abaixo na \u00edntegra) onde as partes se comprometem com algumas obriga\u00e7\u00f5es, ap\u00f3s exig\u00eancia da C\u00e2mara para aprova\u00e7\u00e3o da suplementa\u00e7\u00e3o, como:<\/p>\n\n\n\n<div class=\"wp-block-image\"><figure class=\"aligncenter size-full\"><img fetchpriority=\"high\" decoding=\"async\" width=\"720\" height=\"181\" src=\"https:\/\/www.portalalerta.com.br\/wp-content\/uploads\/2018\/02\/Auto-Escola-Nobre.jpg\" alt=\"\" class=\"wp-image-4869\" srcset=\"https:\/\/www.portalalerta.com.br\/wp-content\/uploads\/2018\/02\/Auto-Escola-Nobre.jpg 720w, https:\/\/www.portalalerta.com.br\/wp-content\/uploads\/2018\/02\/Auto-Escola-Nobre-260x65.jpg 260w, https:\/\/www.portalalerta.com.br\/wp-content\/uploads\/2018\/02\/Auto-Escola-Nobre-50x13.jpg 50w, https:\/\/www.portalalerta.com.br\/wp-content\/uploads\/2018\/02\/Auto-Escola-Nobre-150x38.jpg 150w\" sizes=\"(max-width: 720px) 100vw, 720px\" \/><\/figure><\/div>\n\n\n\n<p>Para AGENTES COMUNIT\u00c1RIOS DE S\u00c1UDE E AGENTE DE COMBATE \u00c0S ENDEMIAS<\/p>\n\n\n\n<p>\u00fc&nbsp;&nbsp;Pagamento do retroativo do reajuste de 2022 relativo a 3 meses, que ser\u00e1 parcelado em 03 parcelas a partida da assinatura da ata;&nbsp;&nbsp;<\/p>\n\n\n\n<p>\u00fc&nbsp;&nbsp;Pagamento da progress\u00e3o horizontal (a partir desse m\u00eas) e pagamento de progress\u00e3o vertical (a ser implantada no corrente m\u00eas);<\/p>\n\n\n\n<p>\u00fc&nbsp;&nbsp;o pagamento dos retroativos das referidas progress\u00f5es ser\u00e1 discutido;<\/p>\n\n\n\n<p>\u00fc&nbsp;&nbsp;o pagamento da progress\u00e3o vertical do ano de 2019 com rela\u00e7\u00e3o a treze servidores j\u00e1 implantado;<\/p>\n\n\n\n<p>\u00fc&nbsp;&nbsp;Pagamento da diferen\u00e7a salarial do servidor Benedito Oliveira dos Santos,<\/p>\n\n\n\n<p>\u00fc&nbsp;&nbsp;&nbsp;E ainda a implanta\u00e7\u00e3o correta da progress\u00e3o horizontal e progress\u00e3o vertical e direitos relacionados ao Plano de Carreira.<\/p>\n\n\n\n<p>Para DEMAIS SERVIDORES<\/p>\n\n\n\n<p>\u00fc&nbsp;&nbsp;fica acordado que ser\u00e3o pagos os referidos direitos e valores, gratifica\u00e7\u00e3o por aperfei\u00e7oamento profissional, Progress\u00e3o funcional por titula\u00e7\u00e3o, Mudan\u00e7a de classe dos profissionais n\u00e3o docentes, Dif\u00edcil acesso (regula\u00e7\u00e3o por decreto), indeniza\u00e7\u00e3o por transporte (regula\u00e7\u00e3o por decreto), quita\u00e7\u00e3o do sal\u00e1rio de junho de 2018 em aberto de todos os servidores, quita\u00e7\u00e3o do ter\u00e7o de f\u00e9rias dos profissionais da sa\u00fade.<\/p>\n\n\n\n<p>Destaque-se que tamb\u00e9m foi resolvido a dificuldade que vinha n\u00e3o possibilitando o acordo que foi a entrega da documenta\u00e7\u00e3o referente \u00e0 tr\u00eas meses de pagamento, bem como o processo de contrata\u00e7\u00e3o\/licita\u00e7\u00e3o da empresa prestadora de servi\u00e7os m\u00e9dicos e hospitalares por profissionais especializados, que vem prestando servi\u00e7os no munic\u00edpio desde o ano de 2018,<\/p>\n\n\n\n<p>Tudo foi resolvido ap\u00f3s reuni\u00e3o que contou com todos os vereadores, o prefeito Municipal, Secret\u00e1rios de v\u00e1rias pastas e sindicatos ligados \u00e1 educa\u00e7\u00e3o (SINPROJER e APLB) e Sa\u00fade.&nbsp;&nbsp;<\/p>\n\n\n\n<p>O Prefeito Municipal em entrevista \u00e0 R\u00e1dio Jeremoabo FM falou do empenho pessoal em resolver a situa\u00e7\u00e3o, agradeceu aos vereadores e disse que&nbsp;<strong><em>\u201cchegamos a um entendimento, mas pe\u00e7o um pouco de sabedoria a todos&#8230; o impasse s\u00f3 prejudica o povo&#8230; mas, felizmente chegamos a um bom senso&#8230;\u201d.<\/em><\/strong><\/p>\n\n\n\n<p>O presidente da C\u00e2mara, Kak\u00e1 de Sonso, justificou a postura da C\u00e2mara pela necessidade de resolver pend\u00eancias que v\u00eam se arrastando h\u00e1 tempos sem solu\u00e7\u00e3o e tamb\u00e9m mostrou-se feliz com o acordo efetuado.<\/p>\n\n\n\n<p><a href=\"https:\/\/www.jeremoabo.com.br\/envios\/2022\/11\/05\/b4a96b767c778f2fbf5e0888fabbc6fc8258f27a.pdf\"><strong>TERMO DE COMPROMISSO ASSINADO<\/strong><\/a><\/p>\n\n\n\n<p><em>Fonte: Jeremoabo.com.br<\/em><\/p>\n","protected":false},"excerpt":{"rendered":"<p>A novela que j\u00e1 durava alguns dias foi finalmente solucionada, ap\u00f3s a C\u00e2mara Municipal de Jeremoabo-BA e o Prefeito Municipal, Deri do Paloma, chegarem a um acordo, com a aprova\u00e7\u00e3o da suplementa\u00e7\u00e3o solicitada pela Gest\u00e3o.<\/p>\n","protected":false},"author":2,"featured_media":21005,"comment_status":"open","ping_status":"open","sticky":false,"template":"","format":"standard","meta":{"om_disable_all_campaigns":false,"_monsterinsights_skip_tracking":false,"_monsterinsights_sitenote_active":false,"_monsterinsights_sitenote_note":"","_monsterinsights_sitenote_category":0,"footnotes":""},"categories":[70,9,69,21,32],"tags":[100,71,48,4179,211,75,4178,4180,129,107,4181,132,230,3828,106,203,120,293,51,145,109,88,47,111,5457,190],"class_list":["post-45539","post","type-post","status-publish","format-standard","has-post-thumbnail","hentry","category-destaques","category-jeremoabo","category-noticias2","category-politica","category-regiao","tag-adustina","tag-antas","tag-araci","tag-banzae-2","tag-camara-de-vereadores","tag-cicero-dantas","tag-cipo-2","tag-crisopolis-2","tag-euclides-da-cunha","tag-fatima","tag-heliopolis-2","tag-itapicuru","tag-jeremoabo","tag-noticias","tag-nova-soure","tag-novo-triunfo","tag-olindina","tag-orcamento","tag-paripiranga","tag-prefeitura","tag-quijingue","tag-ribeira-do-amparo","tag-ribeira-do-pombal","tag-sitio-do-quinto","tag-suplementacao","tag-tucano"],"aioseo_notices":[],"_links":{"self":[{"href":"https:\/\/www.portalalerta.com.br\/index.php\/wp-json\/wp\/v2\/posts\/45539","targetHints":{"allow":["GET"]}}],"collection":[{"href":"https:\/\/www.portalalerta.com.br\/index.php\/wp-json\/wp\/v2\/posts"}],"about":[{"href":"https:\/\/www.portalalerta.com.br\/index.php\/wp-json\/wp\/v2\/types\/post"}],"author":[{"embeddable":true,"href":"https:\/\/www.portalalerta.com.br\/index.php\/wp-json\/wp\/v2\/users\/2"}],"replies":[{"embeddable":true,"href":"https:\/\/www.portalalerta.com.br\/index.php\/wp-json\/wp\/v2\/comments?post=45539"}],"version-history":[{"count":1,"href":"https:\/\/www.portalalerta.com.br\/index.php\/wp-json\/wp\/v2\/posts\/45539\/revisions"}],"predecessor-version":[{"id":45540,"href":"https:\/\/www.portalalerta.com.br\/index.php\/wp-json\/wp\/v2\/posts\/45539\/revisions\/45540"}],"wp:featuredmedia":[{"embeddable":true,"href":"https:\/\/www.portalalerta.com.br\/index.php\/wp-json\/wp\/v2\/media\/21005"}],"wp:attachment":[{"href":"https:\/\/www.portalalerta.com.br\/index.php\/wp-json\/wp\/v2\/media?parent=45539"}],"wp:term":[{"taxonomy":"category","embeddable":true,"href":"https:\/\/www.portalalerta.com.br\/index.php\/wp-json\/wp\/v2\/categories?post=45539"},{"taxonomy":"post_tag","embeddable":true,"href":"https:\/\/www.portalalerta.com.br\/index.php\/wp-json\/wp\/v2\/tags?post=45539"}],"curies":[{"name":"wp","href":"https:\/\/api.w.org\/{rel}","templated":true}]}}