{"id":45545,"date":"2022-11-07T09:22:04","date_gmt":"2022-11-07T12:22:04","guid":{"rendered":"https:\/\/www.portalalerta.com.br\/?p=45545"},"modified":"2022-11-07T09:22:06","modified_gmt":"2022-11-07T12:22:06","slug":"baiano-portador-de-doenca-rara-pede-ajuda-para-fazer-tratamento-nos-estados-unidos","status":"publish","type":"post","link":"https:\/\/www.portalalerta.com.br\/index.php\/2022\/11\/07\/baiano-portador-de-doenca-rara-pede-ajuda-para-fazer-tratamento-nos-estados-unidos\/","title":{"rendered":"Baiano portador de doen\u00e7a rara pede ajuda para fazer tratamento nos Estados Unidos"},"content":{"rendered":"\n<p>Josemar de Souza Correia, conhecido popularmente como Mazinho \u00e9 baiano de Alagoinhas e morador de Petrolina-PE \u00e9 engenheiro agr\u00f4nomo e portador de uma doen\u00e7a rara chamada&nbsp;<strong><em>\u201cDoen\u00e7a de Machado-Joseph\u201d<\/em><\/strong>&nbsp;que \u00e9 uma doen\u00e7a degenerativa do sistema nervoso, tamb\u00e9m chamada de&nbsp;<strong><em>\u201cAtaxia Espinocerebelar\u201d<\/em><\/strong>, a mesma foi diagnosticada em 2013.<\/p>\n\n\n\n<!--more-->\n\n\n\n<p>A doen\u00e7a tem v\u00e1rias sequelas como dificuldade na fala, vis\u00e3o dupla, dificuldade de engolir l\u00edquidos podendo levar a morte por engasgo. Josemar est\u00e1 muito debilitado com dores constantes, com dificuldades de locomo\u00e7\u00e3o, fadiga extrema, falta de ar e ins\u00f4nia. A doen\u00e7a compromete o equil\u00edbrio, causando gradativamente a perca de movimentos.<\/p>\n\n\n\n<p>A doen\u00e7a n\u00e3o tem cura, mas existe um tratamento que s\u00f3 \u00e9 poss\u00edvel fazer nos Estados Unidos, o qual possibilita a regress\u00e3o da doen\u00e7a. Essa \u00e9 a luta de Josemar levantar recursos para fazer o tratamento nos Estados Unidos. Mazinho como \u00e9 carinhosamente chamado pelos familiares e amigos precisa urgentemente de R$ 270.000,00 para viajar para fazer o tratamento.<\/p>\n\n\n\n<p><strong><em>Quem puder contribuir pode ser atrav\u00e9s da Vakinha (<\/em><\/strong><a href=\"https:\/\/www.vakinha.com.br\/vaquinha\/ataxia-spinocerebelar-de-machado-joseph-iii\"><strong><em>Clique Aqui<\/em><\/strong><\/a><strong><em>), ou atrav\u00e9s de deposito banc\u00e1rio Ag\u00eancia 4008 Conta Corrente 02003073-1 ou PIX 87996185950 \u2013 JOSEMAR DE SOUZA CORREIA<\/em><\/strong><\/p>\n\n\n\n<p><strong><em>Se quiser ajudar de outra forma entre em contato pelo WhatsApp (87)9.9618-5950 ou pelo Instagram @josemar.correia.73<\/em><\/strong><\/p>\n\n\n\n<p><strong><em>AJUDE TAMB\u00c9M COMPARRTILHANDO, PARA QUE MAIS PESSOAS POSSAM CONTRIBUIR.<\/em><\/strong><\/p>\n\n\n\n<p><em>Fonte: Sim\u00e3o Dias Como Eu Vejo<\/em><\/p>\n","protected":false},"excerpt":{"rendered":"<p>Josemar de Souza Correia, conhecido popularmente como Mazinho \u00e9 baiano de Alagoinhas e morador de Petrolina-PE \u00e9 engenheiro agr\u00f4nomo e portador de uma doen\u00e7a rara chamada&nbsp;\u201cDoen\u00e7a de Machado-Joseph\u201d&nbsp;que \u00e9 uma doen\u00e7a degenerativa do sistema nervoso, tamb\u00e9m chamada de&nbsp;\u201cAtaxia Espinocerebelar\u201d, a mesma foi diagnosticada em 2013.<\/p>\n","protected":false},"author":2,"featured_media":45546,"comment_status":"open","ping_status":"open","sticky":false,"template":"","format":"standard","meta":{"om_disable_all_campaigns":false,"_monsterinsights_skip_tracking":false,"_monsterinsights_sitenote_active":false,"_monsterinsights_sitenote_note":"","_monsterinsights_sitenote_category":0,"footnotes":""},"categories":[33,34,70,35,69,19],"tags":[100,71,48,54,4179,93,437,75,4178,4180,327,129,107,4181,132,230,339,3828,106,203,120,51,109,88,47,111,1294,190],"class_list":["post-45545","post","type-post","status-publish","format-standard","has-post-thumbnail","hentry","category-bahia","category-brasil","category-destaques","category-mundo","category-noticias2","category-saude","tag-adustina","tag-antas","tag-araci","tag-bahia","tag-banzae-2","tag-brasil","tag-campanha","tag-cicero-dantas","tag-cipo-2","tag-crisopolis-2","tag-eua","tag-euclides-da-cunha","tag-fatima","tag-heliopolis-2","tag-itapicuru","tag-jeremoabo","tag-mundo","tag-noticias","tag-nova-soure","tag-novo-triunfo","tag-olindina","tag-paripiranga","tag-quijingue","tag-ribeira-do-amparo","tag-ribeira-do-pombal","tag-sitio-do-quinto","tag-solidariedade","tag-tucano"],"aioseo_notices":[],"_links":{"self":[{"href":"https:\/\/www.portalalerta.com.br\/index.php\/wp-json\/wp\/v2\/posts\/45545","targetHints":{"allow":["GET"]}}],"collection":[{"href":"https:\/\/www.portalalerta.com.br\/index.php\/wp-json\/wp\/v2\/posts"}],"about":[{"href":"https:\/\/www.portalalerta.com.br\/index.php\/wp-json\/wp\/v2\/types\/post"}],"author":[{"embeddable":true,"href":"https:\/\/www.portalalerta.com.br\/index.php\/wp-json\/wp\/v2\/users\/2"}],"replies":[{"embeddable":true,"href":"https:\/\/www.portalalerta.com.br\/index.php\/wp-json\/wp\/v2\/comments?post=45545"}],"version-history":[{"count":1,"href":"https:\/\/www.portalalerta.com.br\/index.php\/wp-json\/wp\/v2\/posts\/45545\/revisions"}],"predecessor-version":[{"id":45547,"href":"https:\/\/www.portalalerta.com.br\/index.php\/wp-json\/wp\/v2\/posts\/45545\/revisions\/45547"}],"wp:featuredmedia":[{"embeddable":true,"href":"https:\/\/www.portalalerta.com.br\/index.php\/wp-json\/wp\/v2\/media\/45546"}],"wp:attachment":[{"href":"https:\/\/www.portalalerta.com.br\/index.php\/wp-json\/wp\/v2\/media?parent=45545"}],"wp:term":[{"taxonomy":"category","embeddable":true,"href":"https:\/\/www.portalalerta.com.br\/index.php\/wp-json\/wp\/v2\/categories?post=45545"},{"taxonomy":"post_tag","embeddable":true,"href":"https:\/\/www.portalalerta.com.br\/index.php\/wp-json\/wp\/v2\/tags?post=45545"}],"curies":[{"name":"wp","href":"https:\/\/api.w.org\/{rel}","templated":true}]}}