{"id":45548,"date":"2022-11-07T09:28:54","date_gmt":"2022-11-07T12:28:54","guid":{"rendered":"https:\/\/www.portalalerta.com.br\/?p=45548"},"modified":"2022-11-07T09:28:55","modified_gmt":"2022-11-07T12:28:55","slug":"jeremoabo-ba-gestao-municipal-atende-decisao-judicial-e-libera-presidente-do-sinprojer-para-mandato-classista","status":"publish","type":"post","link":"https:\/\/www.portalalerta.com.br\/index.php\/2022\/11\/07\/jeremoabo-ba-gestao-municipal-atende-decisao-judicial-e-libera-presidente-do-sinprojer-para-mandato-classista\/","title":{"rendered":"Jeremoabo-BA: Gest\u00e3o Municipal atende decis\u00e3o judicial e libera Presidente do SINPROJER para Mandato Classista"},"content":{"rendered":"\n<p>O Prefeito Municipal, Derisvaldo Jos\u00e9 dos Santos, emitiu a PORTARIA N. 504\/2022, concedendo Licen\u00e7a para Desempenho de Mandato Classista, at\u00e9 17 de agosto de 2026, ao servidor GIL.MAR DE SOUZA BOMFIM, conforme disposto no artigo 86 da Lei Municipal n. 419\/2011, com reda\u00e7\u00e3o alterada pela Lei Municipal n. 562\/2018.<\/p>\n\n\n\n<!--more-->\n\n\n\n<p>A Portaria atende a decis\u00e3o judicial proferida nos autos de Mandado de Seguran\u00e7a e os efeitos da Portaria retroage a partir de 17 de agosto de 2022.<\/p>\n\n\n\n<div class=\"wp-block-image\"><figure class=\"alignleft size-full is-resized\"><img fetchpriority=\"high\" decoding=\"async\" src=\"https:\/\/www.portalalerta.com.br\/wp-content\/uploads\/2021\/04\/ELAB.jpg\" alt=\"\" class=\"wp-image-34795\" width=\"413\" height=\"330\" srcset=\"https:\/\/www.portalalerta.com.br\/wp-content\/uploads\/2021\/04\/ELAB.jpg 1000w, https:\/\/www.portalalerta.com.br\/wp-content\/uploads\/2021\/04\/ELAB-300x240.jpg 300w, https:\/\/www.portalalerta.com.br\/wp-content\/uploads\/2021\/04\/ELAB-768x614.jpg 768w, https:\/\/www.portalalerta.com.br\/wp-content\/uploads\/2021\/04\/ELAB-183x146.jpg 183w, https:\/\/www.portalalerta.com.br\/wp-content\/uploads\/2021\/04\/ELAB-50x40.jpg 50w, https:\/\/www.portalalerta.com.br\/wp-content\/uploads\/2021\/04\/ELAB-94x75.jpg 94w\" sizes=\"(max-width: 413px) 100vw, 413px\" \/><\/figure><\/div>\n\n\n\n<p>O SINPROJER re\u00fane professores e demais servidores do munic\u00edpio e a chapa encabe\u00e7ada pelo professor Gilmar Bonfim venceu as \u00faltimas elei\u00e7\u00f5es, realizadas no dia 16.07.2022.<\/p>\n\n\n\n<p>A Diretoria eleita \u00e9 composta de: PRESIDENTE: Gilmar de Souza Bomfim; VICE-PRESIDENTE: Camila Estaquia do Nascimento Varj\u00e3o; 1\u00ba SECRET\u00c1RIO: Carla Eliana Lima Ara\u00fajo; 2\u00ba SECRET\u00c1RIO: Marineide Pereira de Hungria; 1\u00ba TESOUREIRO: Josemar Lima Muniz; 2\u00ba TESOUREIRO: Josefa Roseneide Dantas; DIRETOR SOCIAL: Stenia da Silva Queiroz de Jesus; DIRETORA DE RELA\u00c7\u00d5ES PUBLICAS: Rosilene Ferreira Damascena de S\u00e1; CONSELHO FISCAL: Adem\u00e1rio Dantas de Jesus, Dinerson Souza da Silva e Josival Miguel da Silva. SUPLENTES: Herlaine de Menezes Teixeira, Miguel \u00c2ngelo de Oliveira, Vanecleide Alves Pitanga.<\/p>\n\n\n\n<p>Aguarda-se ainda a libera\u00e7\u00e3o de mais dirigentes, conforme determina o Estatuto.<\/p>\n\n\n\n<p><em>Fonte: Jeremoabo.com.br<\/em><\/p>\n","protected":false},"excerpt":{"rendered":"<p>O Prefeito Municipal, Derisvaldo Jos\u00e9 dos Santos, emitiu a PORTARIA N. 504\/2022, concedendo Licen\u00e7a para Desempenho de Mandato Classista, at\u00e9 17 de agosto de 2026, ao servidor GIL.MAR DE SOUZA BOMFIM, conforme disposto no artigo 86 da Lei Municipal n. 419\/2011, com reda\u00e7\u00e3o alterada pela Lei Municipal n. 562\/2018.<\/p>\n","protected":false},"author":2,"featured_media":45549,"comment_status":"open","ping_status":"open","sticky":false,"template":"","format":"standard","meta":{"om_disable_all_campaigns":false,"_monsterinsights_skip_tracking":false,"_monsterinsights_sitenote_active":false,"_monsterinsights_sitenote_note":"","_monsterinsights_sitenote_category":0,"footnotes":""},"categories":[70,9,69,32],"tags":[100,71,48,4179,75,4178,4180,129,107,4181,132,230,3828,106,203,120,51,109,88,47,715,1413,111,190],"class_list":["post-45548","post","type-post","status-publish","format-standard","has-post-thumbnail","hentry","category-destaques","category-jeremoabo","category-noticias2","category-regiao","tag-adustina","tag-antas","tag-araci","tag-banzae-2","tag-cicero-dantas","tag-cipo-2","tag-crisopolis-2","tag-euclides-da-cunha","tag-fatima","tag-heliopolis-2","tag-itapicuru","tag-jeremoabo","tag-noticias","tag-nova-soure","tag-novo-triunfo","tag-olindina","tag-paripiranga","tag-quijingue","tag-ribeira-do-amparo","tag-ribeira-do-pombal","tag-sindicato","tag-sinprojer","tag-sitio-do-quinto","tag-tucano"],"aioseo_notices":[],"_links":{"self":[{"href":"https:\/\/www.portalalerta.com.br\/index.php\/wp-json\/wp\/v2\/posts\/45548","targetHints":{"allow":["GET"]}}],"collection":[{"href":"https:\/\/www.portalalerta.com.br\/index.php\/wp-json\/wp\/v2\/posts"}],"about":[{"href":"https:\/\/www.portalalerta.com.br\/index.php\/wp-json\/wp\/v2\/types\/post"}],"author":[{"embeddable":true,"href":"https:\/\/www.portalalerta.com.br\/index.php\/wp-json\/wp\/v2\/users\/2"}],"replies":[{"embeddable":true,"href":"https:\/\/www.portalalerta.com.br\/index.php\/wp-json\/wp\/v2\/comments?post=45548"}],"version-history":[{"count":1,"href":"https:\/\/www.portalalerta.com.br\/index.php\/wp-json\/wp\/v2\/posts\/45548\/revisions"}],"predecessor-version":[{"id":45550,"href":"https:\/\/www.portalalerta.com.br\/index.php\/wp-json\/wp\/v2\/posts\/45548\/revisions\/45550"}],"wp:featuredmedia":[{"embeddable":true,"href":"https:\/\/www.portalalerta.com.br\/index.php\/wp-json\/wp\/v2\/media\/45549"}],"wp:attachment":[{"href":"https:\/\/www.portalalerta.com.br\/index.php\/wp-json\/wp\/v2\/media?parent=45548"}],"wp:term":[{"taxonomy":"category","embeddable":true,"href":"https:\/\/www.portalalerta.com.br\/index.php\/wp-json\/wp\/v2\/categories?post=45548"},{"taxonomy":"post_tag","embeddable":true,"href":"https:\/\/www.portalalerta.com.br\/index.php\/wp-json\/wp\/v2\/tags?post=45548"}],"curies":[{"name":"wp","href":"https:\/\/api.w.org\/{rel}","templated":true}]}}