{"id":45559,"date":"2022-11-07T15:57:44","date_gmt":"2022-11-07T18:57:44","guid":{"rendered":"https:\/\/www.portalalerta.com.br\/?p=45559"},"modified":"2022-11-07T15:57:45","modified_gmt":"2022-11-07T18:57:45","slug":"presidente-do-pl-quer-encontro-com-lula","status":"publish","type":"post","link":"https:\/\/www.portalalerta.com.br\/index.php\/2022\/11\/07\/presidente-do-pl-quer-encontro-com-lula\/","title":{"rendered":"Presidente do PL quer encontro com Lula"},"content":{"rendered":"\n<p>Valdemar Costa Neto, presidente do PL , quer se encontrar na pr\u00f3xima semana com o presidente eleito Luiz In\u00e1cio Lula da Silva (PT). O cacique pol\u00edtico quer resolver o futuro da sua sigla. Seu principal objetivo \u00e9 escutar os planos do futuro governo e definir se embarcar\u00e1 na base aliada ou fortalecer\u00e1 Jair Bolsonaro (PL) para ser o principal opositor.<\/p>\n\n\n\n<!--more-->\n\n\n\n<p>Segundo apurou o Portal iG, Valdemar recebeu reclama\u00e7\u00f5es tanto de bolsonaristas eleitos pelo seu partido quanto apoiadores de Lula. Ele tem total consci\u00eancia que o PL perder\u00e1 deputados na pr\u00f3xima janela de desfilia\u00e7\u00e3o e quer saber qual risco pol\u00edtico dever\u00e1 seguir.<br><\/p>\n\n\n\n<p>Atualmente, a turma mais barulhenta \u00e9 a que defende ades\u00e3o ao governo Lula. A explica\u00e7\u00e3o \u00e9 que o grupo ter\u00e1 emendas para suas bases eleitorais, fortalecendo-se para 2024, quando ocorrer\u00e3o as elei\u00e7\u00f5es municipais. Al\u00e9m disso, parlamentares lulistas destacam que o PL n\u00e3o consegue ser forte como oposi\u00e7\u00e3o.<br>J\u00e1 bolsonaristas que foram eleitos pelo partido reclamaram de parlamentares que garantem que estar\u00e3o com o futuro governo. As mensagens circularam em um grupo da legenda e uma reuni\u00e3o dever\u00e1 acontecer nos pr\u00f3ximos dias para saber qual o posicionamento de Valdemar.<br><\/p>\n\n\n\n<div class=\"wp-block-image\"><figure class=\"alignleft size-full is-resized\"><img fetchpriority=\"high\" decoding=\"async\" src=\"https:\/\/www.portalalerta.com.br\/wp-content\/uploads\/2021\/04\/ELAB.jpg\" alt=\"\" class=\"wp-image-34795\" width=\"435\" height=\"347\" srcset=\"https:\/\/www.portalalerta.com.br\/wp-content\/uploads\/2021\/04\/ELAB.jpg 1000w, https:\/\/www.portalalerta.com.br\/wp-content\/uploads\/2021\/04\/ELAB-300x240.jpg 300w, https:\/\/www.portalalerta.com.br\/wp-content\/uploads\/2021\/04\/ELAB-768x614.jpg 768w, https:\/\/www.portalalerta.com.br\/wp-content\/uploads\/2021\/04\/ELAB-183x146.jpg 183w, https:\/\/www.portalalerta.com.br\/wp-content\/uploads\/2021\/04\/ELAB-50x40.jpg 50w, https:\/\/www.portalalerta.com.br\/wp-content\/uploads\/2021\/04\/ELAB-94x75.jpg 94w\" sizes=\"(max-width: 435px) 100vw, 435px\" \/><\/figure><\/div>\n\n\n\n<p>Por conta disso o presidente do PL quer conversar com Lula. Ele apresentar\u00e1 seus interesses e saber\u00e1 do futuro presidente da Rep\u00fablica se o PT tem o interesse de t\u00ea-lo na base aliada. A tend\u00eancia que o petista n\u00e3o tenha nenhuma resist\u00eancia para fazer as pazes com seu antigo aliado.<br><\/p>\n\n\n\n<p>Antes do resultado do segundo turno, Valdemar planejava se manter neutro. Mas percebeu que o plano \u00e9 imposs\u00edvel de ocorrer. Ent\u00e3o a ideia \u00e9 solucionar a situa\u00e7\u00e3o o mais breve poss\u00edvel.<br><\/p>\n\n\n\n<p>Neste momento, o PL vive cercado de inc\u00f3gnitas. Valdemar sempre fez a agremia\u00e7\u00e3o ser fisiol\u00f3gica para poder compor a base governista. No entanto, ao apoiar Bolsonaro, o 22 ficou marcado por ser o partido do bolsonarismo. Romper com o grupo n\u00e3o ser\u00e1 muito f\u00e1cil.<br><\/p>\n\n\n\n<p><strong>E o futuro de Bolsonaro?<\/strong><br><\/p>\n\n\n\n<p>O futuro do presidente da Rep\u00fablica no PL depender\u00e1 da decis\u00e3o de Valdemar. Se ele resolver fazer parte da base governista, Bolsonaro dificilmente ficar\u00e1 na sigla. N\u00e3o \u00e9 descartada a possibilidade dele se filiar ao Republicanos.<br><\/p>\n\n\n\n<p>Por\u00e9m, se o PL resolver ficar na oposi\u00e7\u00e3o, o atual chefe do executivo federal ser\u00e1 blindado pelo partido e ser\u00e1 colocado como principal opositor de Lula, visando 2026.<br><\/p>\n\n\n\n<p><em>Fonte: iG<\/em><\/p>\n","protected":false},"excerpt":{"rendered":"<p>Valdemar Costa Neto, presidente do PL , quer se encontrar na pr\u00f3xima semana com o presidente eleito Luiz In\u00e1cio Lula da Silva (PT). O cacique pol\u00edtico quer resolver o futuro da sua sigla. Seu principal objetivo \u00e9 escutar os planos do futuro governo e definir se embarcar\u00e1 na base aliada ou fortalecer\u00e1 Jair Bolsonaro (PL) &hellip;<\/p>\n","protected":false},"author":2,"featured_media":44870,"comment_status":"open","ping_status":"open","sticky":false,"template":"","format":"standard","meta":{"om_disable_all_campaigns":false,"_monsterinsights_skip_tracking":false,"_monsterinsights_sitenote_active":false,"_monsterinsights_sitenote_note":"","_monsterinsights_sitenote_category":0,"footnotes":""},"categories":[34,70,69,21],"tags":[100,71,48,4179,93,75,4178,4180,129,107,4181,132,230,3828,106,203,120,51,3391,199,109,88,47,111,190,5065],"class_list":["post-45559","post","type-post","status-publish","format-standard","has-post-thumbnail","hentry","category-brasil","category-destaques","category-noticias2","category-politica","tag-adustina","tag-antas","tag-araci","tag-banzae-2","tag-brasil","tag-cicero-dantas","tag-cipo-2","tag-crisopolis-2","tag-euclides-da-cunha","tag-fatima","tag-heliopolis-2","tag-itapicuru","tag-jeremoabo","tag-noticias","tag-nova-soure","tag-novo-triunfo","tag-olindina","tag-paripiranga","tag-pl","tag-politica","tag-quijingue","tag-ribeira-do-amparo","tag-ribeira-do-pombal","tag-sitio-do-quinto","tag-tucano","tag-valdemar-costa-neto"],"aioseo_notices":[],"_links":{"self":[{"href":"https:\/\/www.portalalerta.com.br\/index.php\/wp-json\/wp\/v2\/posts\/45559","targetHints":{"allow":["GET"]}}],"collection":[{"href":"https:\/\/www.portalalerta.com.br\/index.php\/wp-json\/wp\/v2\/posts"}],"about":[{"href":"https:\/\/www.portalalerta.com.br\/index.php\/wp-json\/wp\/v2\/types\/post"}],"author":[{"embeddable":true,"href":"https:\/\/www.portalalerta.com.br\/index.php\/wp-json\/wp\/v2\/users\/2"}],"replies":[{"embeddable":true,"href":"https:\/\/www.portalalerta.com.br\/index.php\/wp-json\/wp\/v2\/comments?post=45559"}],"version-history":[{"count":1,"href":"https:\/\/www.portalalerta.com.br\/index.php\/wp-json\/wp\/v2\/posts\/45559\/revisions"}],"predecessor-version":[{"id":45560,"href":"https:\/\/www.portalalerta.com.br\/index.php\/wp-json\/wp\/v2\/posts\/45559\/revisions\/45560"}],"wp:featuredmedia":[{"embeddable":true,"href":"https:\/\/www.portalalerta.com.br\/index.php\/wp-json\/wp\/v2\/media\/44870"}],"wp:attachment":[{"href":"https:\/\/www.portalalerta.com.br\/index.php\/wp-json\/wp\/v2\/media?parent=45559"}],"wp:term":[{"taxonomy":"category","embeddable":true,"href":"https:\/\/www.portalalerta.com.br\/index.php\/wp-json\/wp\/v2\/categories?post=45559"},{"taxonomy":"post_tag","embeddable":true,"href":"https:\/\/www.portalalerta.com.br\/index.php\/wp-json\/wp\/v2\/tags?post=45559"}],"curies":[{"name":"wp","href":"https:\/\/api.w.org\/{rel}","templated":true}]}}