{"id":45564,"date":"2022-11-07T16:44:04","date_gmt":"2022-11-07T19:44:04","guid":{"rendered":"https:\/\/www.portalalerta.com.br\/?p=45564"},"modified":"2022-11-07T16:44:05","modified_gmt":"2022-11-07T19:44:05","slug":"lista-dos-26-convocados-da-selecao-brasileira-para-copa-de-2022","status":"publish","type":"post","link":"https:\/\/www.portalalerta.com.br\/index.php\/2022\/11\/07\/lista-dos-26-convocados-da-selecao-brasileira-para-copa-de-2022\/","title":{"rendered":"Lista dos 26 convocados da Sele\u00e7\u00e3o Brasileira para Copa de 2022"},"content":{"rendered":"\n<p>Chegou a hora de conhecer os 26 jogadores que representar\u00e3o a Sele\u00e7\u00e3o Brasileira na\u00a0Copa do Mundo. Nesta segunda (7), Tite divulgou os atletas convocados para o Catar com a Amarelinha.<\/p>\n\n\n\n<!--more-->\n\n\n\n<p>Diferentemente da \u00faltima Copa, quando o t\u00e9cnico brasileiro contou com 23 jogadores, ele pode levar 26 atletas e ter\u00e1 todos dispon\u00edveis para as partidas no Catar. A maior d\u00favida na convoca\u00e7\u00e3o era a de Daniel Alves, 39 anos, que acabou inclu\u00eddo na lista. Outra d\u00favida, no ataque, foi sanada com a convoca\u00e7\u00e3o de Gabriel Martinelli, que superou a concorr\u00eancia de Firmino, Gabigol e Matheus Cunha. Como era esperado, o lesionado Coutinho n\u00e3o vai \u00e0 Copa, com Everton Ribeiro em seu lugar.<\/p>\n\n\n\n<p>Os convocados por Tite dever\u00e3o se apresentar uma semana depois do an\u00fancio, no dia 14 de novembro, em Turim, na It\u00e1lia, para um per\u00edodo de treinos no CT da Juventus. A equipe viaja para o Catar no dia 19 e estreia na Copa no dia 23.<\/p>\n\n\n\n<p><strong>A lista de convocados do Brasil para a Copa de 2022<\/strong><\/p>\n\n\n\n<p><strong>Goleiros<\/strong><\/p>\n\n\n\n<p>Alisson (Liverpool\/ING)<\/p>\n\n\n\n<p>Ederson (Manchester City\/ING)<\/p>\n\n\n\n<p>Weverton (Palmeiras)<\/p>\n\n\n\n<div class=\"wp-block-image\"><figure class=\"alignright size-full is-resized\"><img fetchpriority=\"high\" decoding=\"async\" src=\"https:\/\/www.portalalerta.com.br\/wp-content\/uploads\/2022\/03\/Cred-Real.1.jpg\" alt=\"\" class=\"wp-image-41523\" width=\"392\" height=\"314\" srcset=\"https:\/\/www.portalalerta.com.br\/wp-content\/uploads\/2022\/03\/Cred-Real.1.jpg 500w, https:\/\/www.portalalerta.com.br\/wp-content\/uploads\/2022\/03\/Cred-Real.1-300x240.jpg 300w, https:\/\/www.portalalerta.com.br\/wp-content\/uploads\/2022\/03\/Cred-Real.1-183x146.jpg 183w, https:\/\/www.portalalerta.com.br\/wp-content\/uploads\/2022\/03\/Cred-Real.1-50x40.jpg 50w, https:\/\/www.portalalerta.com.br\/wp-content\/uploads\/2022\/03\/Cred-Real.1-94x75.jpg 94w\" sizes=\"(max-width: 392px) 100vw, 392px\" \/><\/figure><\/div>\n\n\n\n<p><strong>Laterais<\/strong><\/p>\n\n\n\n<p>Danilo (Juventus\/ITA)<\/p>\n\n\n\n<p>Alex Sandro (Juventus\/ITA)<\/p>\n\n\n\n<p>Daniel Alves (Pumas\/MEX)<\/p>\n\n\n\n<p>Alex Telles (Sevilla\/ESP)<\/p>\n\n\n\n<p><strong>Zagueiros<\/strong><\/p>\n\n\n\n<p>\u00c9der Milit\u00e3o (Real Madrid\/ESP)<\/p>\n\n\n\n<p>Marquinhos (Paris Saint-Germain\/FRA)<\/p>\n\n\n\n<p>Thiago Silva (Chelsea\/ING)<\/p>\n\n\n\n<p>Bremer (Juventus\/ITA)<\/p>\n\n\n\n<p><strong>Meio-campistas<\/strong><\/p>\n\n\n\n<p>Bruno Guimar\u00e3es (Newcastle\/ING)<\/p>\n\n\n\n<p>Casemiro (Manchester United\/ING)<\/p>\n\n\n\n<p>Fabinho (Liverpool\/ING)<\/p>\n\n\n\n<p>Fred (Manchester United\/ING)<\/p>\n\n\n\n<p>Lucas Paquet\u00e1 (West Ham\/ING)<\/p>\n\n\n\n<p>Everton Ribeiro (Flamengo)<\/p>\n\n\n\n<p><strong>Atacantes<\/strong><\/p>\n\n\n\n<p>Antony (Manchester United\/ING)<\/p>\n\n\n\n<p>Gabriel Jesus\u00a0(Arsenal\/ING)<\/p>\n\n\n\n<p>Neymar (Paris Saint-Germain\/FRA)<\/p>\n\n\n\n<p>Raphinha (Barcelona\/ESP)<\/p>\n\n\n\n<p>Richarlison (Tottenham\/ING)<\/p>\n\n\n\n<p>Vin\u00edcius Jr (Real Madrid\/ESP)<\/p>\n\n\n\n<p>Gabriel Martinelli (Arsenal\/ING)<\/p>\n\n\n\n<p>Pedro (Flamengo)<\/p>\n\n\n\n<p>Rodrygo (Real Madrid\/ESP)<\/p>\n\n\n\n<p><em>Fonte: Yahoo Not\u00edcias<\/em><\/p>\n","protected":false},"excerpt":{"rendered":"<p>Chegou a hora de conhecer os 26 jogadores que representar\u00e3o a Sele\u00e7\u00e3o Brasileira na\u00a0Copa do Mundo. Nesta segunda (7), Tite divulgou os atletas convocados para o Catar com a Amarelinha.<\/p>\n","protected":false},"author":2,"featured_media":45565,"comment_status":"open","ping_status":"open","sticky":false,"template":"","format":"standard","meta":{"om_disable_all_campaigns":false,"_monsterinsights_skip_tracking":false,"_monsterinsights_sitenote_active":false,"_monsterinsights_sitenote_note":"","_monsterinsights_sitenote_category":0,"footnotes":""},"categories":[34,70,2,35,69],"tags":[93,955,123,1083],"class_list":["post-45564","post","type-post","status-publish","format-standard","has-post-thumbnail","hentry","category-brasil","category-destaques","category-esportes","category-mundo","category-noticias2","tag-brasil","tag-convocacao","tag-copa-do-mundo","tag-selecao-brasileira"],"aioseo_notices":[],"_links":{"self":[{"href":"https:\/\/www.portalalerta.com.br\/index.php\/wp-json\/wp\/v2\/posts\/45564","targetHints":{"allow":["GET"]}}],"collection":[{"href":"https:\/\/www.portalalerta.com.br\/index.php\/wp-json\/wp\/v2\/posts"}],"about":[{"href":"https:\/\/www.portalalerta.com.br\/index.php\/wp-json\/wp\/v2\/types\/post"}],"author":[{"embeddable":true,"href":"https:\/\/www.portalalerta.com.br\/index.php\/wp-json\/wp\/v2\/users\/2"}],"replies":[{"embeddable":true,"href":"https:\/\/www.portalalerta.com.br\/index.php\/wp-json\/wp\/v2\/comments?post=45564"}],"version-history":[{"count":1,"href":"https:\/\/www.portalalerta.com.br\/index.php\/wp-json\/wp\/v2\/posts\/45564\/revisions"}],"predecessor-version":[{"id":45566,"href":"https:\/\/www.portalalerta.com.br\/index.php\/wp-json\/wp\/v2\/posts\/45564\/revisions\/45566"}],"wp:featuredmedia":[{"embeddable":true,"href":"https:\/\/www.portalalerta.com.br\/index.php\/wp-json\/wp\/v2\/media\/45565"}],"wp:attachment":[{"href":"https:\/\/www.portalalerta.com.br\/index.php\/wp-json\/wp\/v2\/media?parent=45564"}],"wp:term":[{"taxonomy":"category","embeddable":true,"href":"https:\/\/www.portalalerta.com.br\/index.php\/wp-json\/wp\/v2\/categories?post=45564"},{"taxonomy":"post_tag","embeddable":true,"href":"https:\/\/www.portalalerta.com.br\/index.php\/wp-json\/wp\/v2\/tags?post=45564"}],"curies":[{"name":"wp","href":"https:\/\/api.w.org\/{rel}","templated":true}]}}