{"id":45567,"date":"2022-11-08T09:00:00","date_gmt":"2022-11-08T12:00:00","guid":{"rendered":"https:\/\/www.portalalerta.com.br\/?p=45567"},"modified":"2022-11-08T00:37:44","modified_gmt":"2022-11-08T03:37:44","slug":"lula-busca-novos-comandantes-paras-as-forcas-armadas","status":"publish","type":"post","link":"https:\/\/www.portalalerta.com.br\/index.php\/2022\/11\/08\/lula-busca-novos-comandantes-paras-as-forcas-armadas\/","title":{"rendered":"Lula busca novos comandantes para as For\u00e7as Armadas"},"content":{"rendered":"\n<p>Luiz In\u00e1cio Lula da Silva (PT), presidente eleito para o mandato de 2023 a 2026, pediu aos ex-ministros da Defesa Celso Amorim e Nelson Jobim que busquem informa\u00e7\u00f5es sobre os oficiais mais antigos e graduados das tr\u00eas For\u00e7as Armadas: Ex\u00e9rcito, Marinha e Aeron\u00e1utica. O objetivo do petista \u00e9 escolher os novos comandantes que atuar\u00e3o no governo dele.<\/p>\n\n\n\n<!--more-->\n\n\n\n<p>Para assumir o comando de uma das For\u00e7as, o militar precisa ter sido formado na turma mais antiga ainda em ativa e estar no topo da carreira. Quando algu\u00e9m mais novo \u00e9 nomeado, os mais velhos passam para a reserva.<\/p>\n\n\n\n<p>Segundo informa\u00e7\u00f5es do site&nbsp;<em>Poder360<\/em>, os atuais generais de 4 estrelas tem boa avalia\u00e7\u00e3o entre os ex-ministros pr\u00f3ximos de Lula. A avalia\u00e7\u00e3o \u00e9 de que, aqueles que tinham resist\u00eancia ao pol\u00edtico petista j\u00e1 est\u00e3o na pol\u00edtica. Dessa forma, os que continuam nas for\u00e7as s\u00e3o considerados legalistas.<\/p>\n\n\n\n<p>Durante a campanha, Lula indicou que diminuiria a presen\u00e7a de militares em cargos do poder Executivo. O presidente em exerc\u00edcio, Jair Bolsonaro (PL), aumentou o n\u00famero de representantes do grupo na gest\u00e3o.<\/p>\n\n\n\n<p>Em abril deste ano, per\u00edodo de pr\u00e9-campanha, o petista disse que demitiria at\u00e9 8 mil militares de cargos comissionados, se fosse eleito.<\/p>\n\n\n\n<p>Contudo, a demiss\u00e3o precisa ser feita com cautela e justificativa, j\u00e1 que Lula tem receio de criar uma revolta entre os militares. Outro ponto s\u00e3o os projetos caros ao governo que est\u00e3o nas m\u00e3os das For\u00e7as Armadas, como a proposta de um submarino nuclear, que segue na Marinha.<\/p>\n\n\n\n<p>O ve\u00edculo de not\u00edcias lembra que, durante os governos do PT, houve resist\u00eancia de alguns oficiais da Marinha em dar continuidade ao projeto. Ao grupo, interessava mais usar os recursos na compra de navios.<\/p>\n\n\n\n<p><em>Fonte: Yahoo Not\u00edcias<\/em><\/p>\n","protected":false},"excerpt":{"rendered":"<p>Luiz In\u00e1cio Lula da Silva (PT), presidente eleito para o mandato de 2023 a 2026, pediu aos ex-ministros da Defesa Celso Amorim e Nelson Jobim que busquem informa\u00e7\u00f5es sobre os oficiais mais antigos e graduados das tr\u00eas For\u00e7as Armadas: Ex\u00e9rcito, Marinha e Aeron\u00e1utica. O objetivo do petista \u00e9 escolher os novos comandantes que atuar\u00e3o no &hellip;<\/p>\n","protected":false},"author":2,"featured_media":32169,"comment_status":"open","ping_status":"open","sticky":false,"template":"","format":"standard","meta":{"om_disable_all_campaigns":false,"_monsterinsights_skip_tracking":false,"_monsterinsights_sitenote_active":false,"_monsterinsights_sitenote_note":"","_monsterinsights_sitenote_category":0,"footnotes":""},"categories":[34,70,69,21],"tags":[93,1749,599,303],"class_list":["post-45567","post","type-post","status-publish","format-standard","has-post-thumbnail","hentry","category-brasil","category-destaques","category-noticias2","category-politica","tag-brasil","tag-comandante","tag-forcas-armadas","tag-lula"],"aioseo_notices":[],"_links":{"self":[{"href":"https:\/\/www.portalalerta.com.br\/index.php\/wp-json\/wp\/v2\/posts\/45567","targetHints":{"allow":["GET"]}}],"collection":[{"href":"https:\/\/www.portalalerta.com.br\/index.php\/wp-json\/wp\/v2\/posts"}],"about":[{"href":"https:\/\/www.portalalerta.com.br\/index.php\/wp-json\/wp\/v2\/types\/post"}],"author":[{"embeddable":true,"href":"https:\/\/www.portalalerta.com.br\/index.php\/wp-json\/wp\/v2\/users\/2"}],"replies":[{"embeddable":true,"href":"https:\/\/www.portalalerta.com.br\/index.php\/wp-json\/wp\/v2\/comments?post=45567"}],"version-history":[{"count":2,"href":"https:\/\/www.portalalerta.com.br\/index.php\/wp-json\/wp\/v2\/posts\/45567\/revisions"}],"predecessor-version":[{"id":45584,"href":"https:\/\/www.portalalerta.com.br\/index.php\/wp-json\/wp\/v2\/posts\/45567\/revisions\/45584"}],"wp:featuredmedia":[{"embeddable":true,"href":"https:\/\/www.portalalerta.com.br\/index.php\/wp-json\/wp\/v2\/media\/32169"}],"wp:attachment":[{"href":"https:\/\/www.portalalerta.com.br\/index.php\/wp-json\/wp\/v2\/media?parent=45567"}],"wp:term":[{"taxonomy":"category","embeddable":true,"href":"https:\/\/www.portalalerta.com.br\/index.php\/wp-json\/wp\/v2\/categories?post=45567"},{"taxonomy":"post_tag","embeddable":true,"href":"https:\/\/www.portalalerta.com.br\/index.php\/wp-json\/wp\/v2\/tags?post=45567"}],"curies":[{"name":"wp","href":"https:\/\/api.w.org\/{rel}","templated":true}]}}