{"id":45585,"date":"2022-11-08T17:15:48","date_gmt":"2022-11-08T20:15:48","guid":{"rendered":"https:\/\/www.portalalerta.com.br\/?p=45585"},"modified":"2022-11-08T17:15:49","modified_gmt":"2022-11-08T20:15:49","slug":"em-brasilia-lula-encontrara-chefes-dos-poderes-e-pedira-apoio-para-mudar-orcamento","status":"publish","type":"post","link":"https:\/\/www.portalalerta.com.br\/index.php\/2022\/11\/08\/em-brasilia-lula-encontrara-chefes-dos-poderes-e-pedira-apoio-para-mudar-orcamento\/","title":{"rendered":"Em Bras\u00edlia, Lula encontrar\u00e1 chefes dos poderes e pedir\u00e1 apoio para mudar Or\u00e7amento"},"content":{"rendered":"\n<p>O presidente eleito, Luiz In\u00e1cio Lula da Silva (PT),\u00a0desembarca nesta ter\u00e7a-feira (8) em Bras\u00edlia\u00a0pela primeira vez ap\u00f3s as elei\u00e7\u00f5es. A expectativa \u00e9 de que ele chegue \u00e0 noite e participe de uma s\u00e9rie de reuni\u00f5es a partir de quarta-feira (9).<\/p>\n\n\n\n<!--more-->\n\n\n\n<p>Na capital, o petista se encontrar\u00e1 com a ministra Rosa Weber, do Supremo Tribunal Federal (STF), com Rodrigo Pacheco (PSD), presidente do Senado, e com Arthur Lira (PP), presidente da C\u00e2mara dos Deputados.<\/p>\n\n\n\n<p>Aos chefes do congresso, Lula pedir\u00e1, pessoalmente, apoio para aprovar ajustes no Or\u00e7amento de 2023, de forma a garantir a verba necess\u00e1ria para que promessas de campanha sejam cumpridas \u2013 como manuten\u00e7\u00e3o do Aux\u00edlio Brasil, aumento real do sal\u00e1rio m\u00ednimo e isen\u00e7\u00e3o do Imposto de Renda para quem ganha at\u00e9 R$ 5 mil.<\/p>\n\n\n\n<div class=\"wp-block-image\"><figure class=\"aligncenter size-full\"><img fetchpriority=\"high\" decoding=\"async\" width=\"720\" height=\"181\" src=\"https:\/\/www.portalalerta.com.br\/wp-content\/uploads\/2018\/02\/Auto-Escola-Nobre.jpg\" alt=\"\" class=\"wp-image-4869\" srcset=\"https:\/\/www.portalalerta.com.br\/wp-content\/uploads\/2018\/02\/Auto-Escola-Nobre.jpg 720w, https:\/\/www.portalalerta.com.br\/wp-content\/uploads\/2018\/02\/Auto-Escola-Nobre-260x65.jpg 260w, https:\/\/www.portalalerta.com.br\/wp-content\/uploads\/2018\/02\/Auto-Escola-Nobre-50x13.jpg 50w, https:\/\/www.portalalerta.com.br\/wp-content\/uploads\/2018\/02\/Auto-Escola-Nobre-150x38.jpg 150w\" sizes=\"(max-width: 720px) 100vw, 720px\" \/><\/figure><\/div>\n\n\n\n<p>A constru\u00e7\u00e3o desse apoio j\u00e1 tem sido costurada por aliados de Lula. Em troca, o presidente\u00a0eleito se manter\u00e1 neutro quanto \u00e0 reelei\u00e7\u00e3o de Lira\u00a0para a presid\u00eancia da C\u00e2mara e apoiar\u00e1 a reelei\u00e7\u00e3o de Pacheco para o comando do Senado.<\/p>\n\n\n\n<p>Nas agendas oficiais, Lula deve se mostrar como um presidente que estimular\u00e1 o di\u00e1logo e harmonia entre os poderes. Al\u00e9m delas, ele tamb\u00e9m ter\u00e1 encontros pol\u00edticos, nos quais discutir\u00e1 nomes para\u00a0integrar a equipe de transi\u00e7\u00e3o de governo\u00a0e a amplia\u00e7\u00e3o da base de apoio no Congresso.<\/p>\n\n\n\n<p>Comandada pelo vice-presidente eleito, Geraldo Alckmin (PSB), a equipe de transi\u00e7\u00e3o ter\u00e1 cerca de 50 pessoas e membros de outros partidos. Os trabalhos\u00a0ser\u00e3o feitos no Centro Cultural Banco do Brasil (CCBB), que costuma ser disponibilizado para este fim desde que Fernando Henrique Cardoso (FHC) passou o cargo a Lula em 2002.<\/p>\n\n\n\n<p><strong><em>Fonte: Yahoo Not\u00edcias<\/em><\/strong><\/p>\n","protected":false},"excerpt":{"rendered":"<p>O presidente eleito, Luiz In\u00e1cio Lula da Silva (PT),\u00a0desembarca nesta ter\u00e7a-feira (8) em Bras\u00edlia\u00a0pela primeira vez ap\u00f3s as elei\u00e7\u00f5es. A expectativa \u00e9 de que ele chegue \u00e0 noite e participe de uma s\u00e9rie de reuni\u00f5es a partir de quarta-feira (9).<\/p>\n","protected":false},"author":2,"featured_media":19380,"comment_status":"open","ping_status":"open","sticky":false,"template":"","format":"standard","meta":{"om_disable_all_campaigns":false,"_monsterinsights_skip_tracking":false,"_monsterinsights_sitenote_active":false,"_monsterinsights_sitenote_note":"","_monsterinsights_sitenote_category":0,"footnotes":""},"categories":[34,70,69,21],"tags":[100,71,48,4179,93,786,75,4178,4180,539,129,107,4181,132,230,303,3828,106,203,120,293,51,1454,3492,109,88,47,111,190],"class_list":["post-45585","post","type-post","status-publish","format-standard","has-post-thumbnail","hentry","category-brasil","category-destaques","category-noticias2","category-politica","tag-adustina","tag-antas","tag-araci","tag-banzae-2","tag-brasil","tag-brasilia","tag-cicero-dantas","tag-cipo-2","tag-crisopolis-2","tag-distrito-federal","tag-euclides-da-cunha","tag-fatima","tag-heliopolis-2","tag-itapicuru","tag-jeremoabo","tag-lula","tag-noticias","tag-nova-soure","tag-novo-triunfo","tag-olindina","tag-orcamento","tag-paripiranga","tag-presidente-da-camara","tag-presidente-do-senado","tag-quijingue","tag-ribeira-do-amparo","tag-ribeira-do-pombal","tag-sitio-do-quinto","tag-tucano"],"aioseo_notices":[],"_links":{"self":[{"href":"https:\/\/www.portalalerta.com.br\/index.php\/wp-json\/wp\/v2\/posts\/45585","targetHints":{"allow":["GET"]}}],"collection":[{"href":"https:\/\/www.portalalerta.com.br\/index.php\/wp-json\/wp\/v2\/posts"}],"about":[{"href":"https:\/\/www.portalalerta.com.br\/index.php\/wp-json\/wp\/v2\/types\/post"}],"author":[{"embeddable":true,"href":"https:\/\/www.portalalerta.com.br\/index.php\/wp-json\/wp\/v2\/users\/2"}],"replies":[{"embeddable":true,"href":"https:\/\/www.portalalerta.com.br\/index.php\/wp-json\/wp\/v2\/comments?post=45585"}],"version-history":[{"count":1,"href":"https:\/\/www.portalalerta.com.br\/index.php\/wp-json\/wp\/v2\/posts\/45585\/revisions"}],"predecessor-version":[{"id":45586,"href":"https:\/\/www.portalalerta.com.br\/index.php\/wp-json\/wp\/v2\/posts\/45585\/revisions\/45586"}],"wp:featuredmedia":[{"embeddable":true,"href":"https:\/\/www.portalalerta.com.br\/index.php\/wp-json\/wp\/v2\/media\/19380"}],"wp:attachment":[{"href":"https:\/\/www.portalalerta.com.br\/index.php\/wp-json\/wp\/v2\/media?parent=45585"}],"wp:term":[{"taxonomy":"category","embeddable":true,"href":"https:\/\/www.portalalerta.com.br\/index.php\/wp-json\/wp\/v2\/categories?post=45585"},{"taxonomy":"post_tag","embeddable":true,"href":"https:\/\/www.portalalerta.com.br\/index.php\/wp-json\/wp\/v2\/tags?post=45585"}],"curies":[{"name":"wp","href":"https:\/\/api.w.org\/{rel}","templated":true}]}}