{"id":45587,"date":"2022-11-09T10:16:17","date_gmt":"2022-11-09T13:16:17","guid":{"rendered":"https:\/\/www.portalalerta.com.br\/?p=45587"},"modified":"2022-11-09T10:16:19","modified_gmt":"2022-11-09T13:16:19","slug":"flavio-e-eduardo-bolsonaro-buscam-cidadania-italiana-em-embaixada","status":"publish","type":"post","link":"https:\/\/www.portalalerta.com.br\/index.php\/2022\/11\/09\/flavio-e-eduardo-bolsonaro-buscam-cidadania-italiana-em-embaixada\/","title":{"rendered":"Fl\u00e1vio e Eduardo Bolsonaro buscam cidadania italiana em embaixada"},"content":{"rendered":"\n<p>O senador Fl\u00e1vio Bolsonaro (PL-RJ) e o deputado federal Eduardo Bolsonaro (PL-SP) estiveram nesta ter\u00e7a-feira (8) na embaixada da It\u00e1lia em Bras\u00edlia para avan\u00e7ar no processo de obten\u00e7\u00e3o de cidadania italiana.<\/p>\n\n\n\n<!--more-->\n\n\n\n<p>Os filhos 01 e 03 do presidente Jair Bolsonaro (PL), ambos com mandatos parlamentares pela frente, estavam acompanhados de seguran\u00e7as. Segundo informa\u00e7\u00f5es do colunista Rodrigo Rangel, do portal Metr\u00f3poles, o senador disse estar tratando do processo de cidadania que teria sido iniciado ainda em 2019.<\/p>\n\n\n\n<p><strong><em>\u201cMinha fam\u00edlia tem origem italiana e tenho direito de requerer cidadania italiana, o que come\u00e7ou a ser tratado em setembro de 2019\u201d<\/em><\/strong><em>, <\/em>declarou Fl\u00e1vio<em>.<\/em><\/p>\n\n\n\n<p>Contudo, ele negou que esteja pensando em deixar o Pa\u00eds ap\u00f3s o pai dele ser derrotado na disputa pela reelei\u00e7\u00e3o presidencial.<\/p>\n\n\n\n<p><strong><em>\u201cSou senador da Rep\u00fablica por mais quatro anos, pretendo disputar a reelei\u00e7\u00e3o e, antes que comecem a criar teses mirabolantes, sair do pa\u00eds n\u00e3o \u00e9 uma op\u00e7\u00e3o para mim.\u201d<\/em><\/strong><\/p>\n\n\n\n<p>O pedido de cidadania italiana acontece nove dias depois de Jair Bolsonaro perder as elei\u00e7\u00f5es.<\/p>\n\n\n\n<p><strong>Origem italiana<\/strong><\/p>\n\n\n\n<p>Segundo informa\u00e7\u00f5es do jornal O Globo, Jair Bolsonaro foi o primeiro presidente eleito descendente de imigrantes italianos a chegar ao poder pelo voto no Brasil.<\/p>\n\n\n\n<p>O bisav\u00f4 do mandat\u00e1rio tem origem no munic\u00edpio de P\u00e1dua, em Anguillara V\u00eaneta, no pa\u00eds europeu. Em novembro de 2021, o chefe do Executivo visitou a cidade durante sua estadia no Pa\u00eds para o encontro do G20.<\/p>\n\n\n\n<p>Segundo informa\u00e7\u00f5es divulgadas pela Folha de S.Paulo, Bolsonaro comentou com aliados que pode deixar o Brasil para n\u00e3o ter que passar a faixa presidencial para Lula (PT), presidente eleito que assume em 1\u00ba de janeiro de 2023. A fun\u00e7\u00e3o ficaria a cargo do vice-presidente General Hamilton Mour\u00e3o.<\/p>\n\n\n\n<p>O \u00fanico exemplo recente de presidente que n\u00e3o passou a faixa para o sucessor foi o de Jo\u00e3o Figueiredo, que foi substitu\u00eddo na Presid\u00eancia por Jos\u00e9 Sarney.<\/p>\n\n\n\n<p><em>Fonte: Yahoo Not\u00edcias<\/em><\/p>\n","protected":false},"excerpt":{"rendered":"<p>O senador Fl\u00e1vio Bolsonaro (PL-RJ) e o deputado federal Eduardo Bolsonaro (PL-SP) estiveram nesta ter\u00e7a-feira (8) na embaixada da It\u00e1lia em Bras\u00edlia para avan\u00e7ar no processo de obten\u00e7\u00e3o de cidadania italiana.<\/p>\n","protected":false},"author":2,"featured_media":45588,"comment_status":"open","ping_status":"open","sticky":false,"template":"","format":"standard","meta":{"om_disable_all_campaigns":false,"_monsterinsights_skip_tracking":false,"_monsterinsights_sitenote_active":false,"_monsterinsights_sitenote_note":"","_monsterinsights_sitenote_category":0,"footnotes":""},"categories":[34,70,35,69,21],"tags":[100,71,48,4179,93,75,4178,4180,2058,129,107,1976,4181,719,132,230,3828,106,203,120,51,109,88,47,111],"class_list":["post-45587","post","type-post","status-publish","format-standard","has-post-thumbnail","hentry","category-brasil","category-destaques","category-mundo","category-noticias2","category-politica","tag-adustina","tag-antas","tag-araci","tag-banzae-2","tag-brasil","tag-cicero-dantas","tag-cipo-2","tag-crisopolis-2","tag-eduardo-bolsonaro","tag-euclides-da-cunha","tag-fatima","tag-flavio-bolsonaro","tag-heliopolis-2","tag-italia","tag-itapicuru","tag-jeremoabo","tag-noticias","tag-nova-soure","tag-novo-triunfo","tag-olindina","tag-paripiranga","tag-quijingue","tag-ribeira-do-amparo","tag-ribeira-do-pombal","tag-sitio-do-quinto"],"aioseo_notices":[],"_links":{"self":[{"href":"https:\/\/www.portalalerta.com.br\/index.php\/wp-json\/wp\/v2\/posts\/45587","targetHints":{"allow":["GET"]}}],"collection":[{"href":"https:\/\/www.portalalerta.com.br\/index.php\/wp-json\/wp\/v2\/posts"}],"about":[{"href":"https:\/\/www.portalalerta.com.br\/index.php\/wp-json\/wp\/v2\/types\/post"}],"author":[{"embeddable":true,"href":"https:\/\/www.portalalerta.com.br\/index.php\/wp-json\/wp\/v2\/users\/2"}],"replies":[{"embeddable":true,"href":"https:\/\/www.portalalerta.com.br\/index.php\/wp-json\/wp\/v2\/comments?post=45587"}],"version-history":[{"count":1,"href":"https:\/\/www.portalalerta.com.br\/index.php\/wp-json\/wp\/v2\/posts\/45587\/revisions"}],"predecessor-version":[{"id":45589,"href":"https:\/\/www.portalalerta.com.br\/index.php\/wp-json\/wp\/v2\/posts\/45587\/revisions\/45589"}],"wp:featuredmedia":[{"embeddable":true,"href":"https:\/\/www.portalalerta.com.br\/index.php\/wp-json\/wp\/v2\/media\/45588"}],"wp:attachment":[{"href":"https:\/\/www.portalalerta.com.br\/index.php\/wp-json\/wp\/v2\/media?parent=45587"}],"wp:term":[{"taxonomy":"category","embeddable":true,"href":"https:\/\/www.portalalerta.com.br\/index.php\/wp-json\/wp\/v2\/categories?post=45587"},{"taxonomy":"post_tag","embeddable":true,"href":"https:\/\/www.portalalerta.com.br\/index.php\/wp-json\/wp\/v2\/tags?post=45587"}],"curies":[{"name":"wp","href":"https:\/\/api.w.org\/{rel}","templated":true}]}}