{"id":45590,"date":"2022-11-09T10:21:55","date_gmt":"2022-11-09T13:21:55","guid":{"rendered":"https:\/\/www.portalalerta.com.br\/?p=45590"},"modified":"2022-11-09T10:21:57","modified_gmt":"2022-11-09T13:21:57","slug":"novos-pocos-artesianos-vao-atender-mais-de-500-familias-em-ribeira-do-pombal-ba","status":"publish","type":"post","link":"https:\/\/www.portalalerta.com.br\/index.php\/2022\/11\/09\/novos-pocos-artesianos-vao-atender-mais-de-500-familias-em-ribeira-do-pombal-ba\/","title":{"rendered":"Novos po\u00e7os artesianos v\u00e3o atender mais de 500 fam\u00edlias, em Ribeira do Pombal-BA"},"content":{"rendered":"\n<p>A CERB, Companhia De Engenharia H\u00eddrica E De Saneamento Da Bahia, est\u00e1 realizando a perfura\u00e7\u00e3o de novos po\u00e7os artesianos em Ribeira do Pombal. Para tanto os t\u00e9cnicos do Estado est\u00e3o ininterruptamente instalados no munic\u00edpio desde o m\u00eas de outubro quando iniciou a temporada, com o primeiro po\u00e7o perfurado, da comunidade Urtiga.<\/p>\n\n\n\n<!--more-->\n\n\n\n<div class=\"wp-block-image\"><figure class=\"alignleft size-full is-resized\"><img fetchpriority=\"high\" decoding=\"async\" src=\"https:\/\/www.portalalerta.com.br\/wp-content\/uploads\/2021\/04\/ELAB.jpg\" alt=\"\" class=\"wp-image-34795\" width=\"386\" height=\"308\" srcset=\"https:\/\/www.portalalerta.com.br\/wp-content\/uploads\/2021\/04\/ELAB.jpg 1000w, https:\/\/www.portalalerta.com.br\/wp-content\/uploads\/2021\/04\/ELAB-300x240.jpg 300w, https:\/\/www.portalalerta.com.br\/wp-content\/uploads\/2021\/04\/ELAB-768x614.jpg 768w, https:\/\/www.portalalerta.com.br\/wp-content\/uploads\/2021\/04\/ELAB-183x146.jpg 183w, https:\/\/www.portalalerta.com.br\/wp-content\/uploads\/2021\/04\/ELAB-50x40.jpg 50w, https:\/\/www.portalalerta.com.br\/wp-content\/uploads\/2021\/04\/ELAB-94x75.jpg 94w\" sizes=\"(max-width: 386px) 100vw, 386px\" \/><\/figure><\/div>\n\n\n\n<p>A Prefeitura divide com o Estado a responsabilidade sobre os investimentos, disponibilizando suporte log\u00edstico, m\u00e3o de obra e constru\u00e7\u00e3o das Casas de M\u00e1quinas, que projetem os po\u00e7os. O objetivo da parceria \u00e9 tanto economizar recursos p\u00fablicos quanto agilizar os processos e ver os benef\u00edcios prontos o mais r\u00e1pido poss\u00edvel.<\/p>\n\n\n\n<p>As comunidades atendidas com esse projeto s\u00e3o Urtiga e Lagoa do C\u00edcero, que v\u00e3o ganhar seus po\u00e7os pela primeira vez, al\u00e9m de Queimada Grande e Po\u00e7o das Varas, esses ter\u00e3o os po\u00e7os antigos substitu\u00eddos por n\u00e3o funcionarem bem e serem deficit\u00e1rios no atendimento \u00e0 popula\u00e7\u00e3o.<\/p>\n\n\n\n<p>De acordo com os projetos que balizam as perfura\u00e7\u00f5es, cerca de 520 fam\u00edlias ser\u00e3o atendidas com os investimentos que t\u00eam prazo de conclus\u00e3o j\u00e1 no primeiro semestre de 2023, quando ser\u00e1 realizada a \u00faltima fase, com instala\u00e7\u00e3o e encanamento para as resid\u00eancias.<\/p>\n\n\n\n<p><em>Fonte: SECOM\/ Ribeira do Pombal<\/em><\/p>\n","protected":false},"excerpt":{"rendered":"<p>A CERB, Companhia De Engenharia H\u00eddrica E De Saneamento Da Bahia, est\u00e1 realizando a perfura\u00e7\u00e3o de novos po\u00e7os artesianos em Ribeira do Pombal. Para tanto os t\u00e9cnicos do Estado est\u00e3o ininterruptamente instalados no munic\u00edpio desde o m\u00eas de outubro quando iniciou a temporada, com o primeiro po\u00e7o perfurado, da comunidade Urtiga.<\/p>\n","protected":false},"author":2,"featured_media":45591,"comment_status":"open","ping_status":"open","sticky":false,"template":"","format":"standard","meta":{"om_disable_all_campaigns":false,"_monsterinsights_skip_tracking":false,"_monsterinsights_sitenote_active":false,"_monsterinsights_sitenote_note":"","_monsterinsights_sitenote_category":0,"footnotes":""},"categories":[70,69,32,3],"tags":[100,71,48,4179,75,4178,4180,129,107,4181,132,230,3828,106,203,120,51,1508,109,88,47,111,190],"class_list":["post-45590","post","type-post","status-publish","format-standard","has-post-thumbnail","hentry","category-destaques","category-noticias2","category-regiao","category-ribeira-do-pombal","tag-adustina","tag-antas","tag-araci","tag-banzae-2","tag-cicero-dantas","tag-cipo-2","tag-crisopolis-2","tag-euclides-da-cunha","tag-fatima","tag-heliopolis-2","tag-itapicuru","tag-jeremoabo","tag-noticias","tag-nova-soure","tag-novo-triunfo","tag-olindina","tag-paripiranga","tag-pocos-artesianos","tag-quijingue","tag-ribeira-do-amparo","tag-ribeira-do-pombal","tag-sitio-do-quinto","tag-tucano"],"aioseo_notices":[],"_links":{"self":[{"href":"https:\/\/www.portalalerta.com.br\/index.php\/wp-json\/wp\/v2\/posts\/45590","targetHints":{"allow":["GET"]}}],"collection":[{"href":"https:\/\/www.portalalerta.com.br\/index.php\/wp-json\/wp\/v2\/posts"}],"about":[{"href":"https:\/\/www.portalalerta.com.br\/index.php\/wp-json\/wp\/v2\/types\/post"}],"author":[{"embeddable":true,"href":"https:\/\/www.portalalerta.com.br\/index.php\/wp-json\/wp\/v2\/users\/2"}],"replies":[{"embeddable":true,"href":"https:\/\/www.portalalerta.com.br\/index.php\/wp-json\/wp\/v2\/comments?post=45590"}],"version-history":[{"count":1,"href":"https:\/\/www.portalalerta.com.br\/index.php\/wp-json\/wp\/v2\/posts\/45590\/revisions"}],"predecessor-version":[{"id":45592,"href":"https:\/\/www.portalalerta.com.br\/index.php\/wp-json\/wp\/v2\/posts\/45590\/revisions\/45592"}],"wp:featuredmedia":[{"embeddable":true,"href":"https:\/\/www.portalalerta.com.br\/index.php\/wp-json\/wp\/v2\/media\/45591"}],"wp:attachment":[{"href":"https:\/\/www.portalalerta.com.br\/index.php\/wp-json\/wp\/v2\/media?parent=45590"}],"wp:term":[{"taxonomy":"category","embeddable":true,"href":"https:\/\/www.portalalerta.com.br\/index.php\/wp-json\/wp\/v2\/categories?post=45590"},{"taxonomy":"post_tag","embeddable":true,"href":"https:\/\/www.portalalerta.com.br\/index.php\/wp-json\/wp\/v2\/tags?post=45590"}],"curies":[{"name":"wp","href":"https:\/\/api.w.org\/{rel}","templated":true}]}}